{"id":50655,"date":"2025-12-09T05:44:48","date_gmt":"2025-12-09T05:44:48","guid":{"rendered":"https:\/\/247stiri.ro\/index.php\/2025\/12\/09\/inregistrarea-care-demasca-planul-sistemului-cu-nicusor-dan-dovada-ca-era-in-piesa-anularii-alegerilor-video\/"},"modified":"2025-12-09T05:44:48","modified_gmt":"2025-12-09T05:44:48","slug":"inregistrarea-care-demasca-planul-sistemului-cu-nicusor-dan-dovada-ca-era-in-piesa-anularii-alegerilor-video","status":"publish","type":"post","link":"https:\/\/247stiri.ro\/index.php\/2025\/12\/09\/inregistrarea-care-demasca-planul-sistemului-cu-nicusor-dan-dovada-ca-era-in-piesa-anularii-alegerilor-video\/","title":{"rendered":"\u00cenregistrarea care demasc\u0103 PLANUL SISTEMULUI cu Nicu\u0219or Dan. Dovada c\u0103 era \u00een piesa anul\u0103rii alegerilor &#8211; VIDEO"},"content":{"rendered":"<p>\u0218tefan Stofor este rezistul care l-a \u00eendemnat s\u0103 candideze \u00eenc\u0103 de c\u00e2nd se num\u0103rau voturile. Mai mult, \u00een campania electoral\u0103, Valentin Naumescu, care a ajuns \u00eentre timp la Cotroceni, se l\u0103uda c\u0103 a fost cel care l-a convins pe Nicu\u0219or Dan s\u0103 intre \u00een lupta pentru fotoliul preziden\u021bial.<\/p>\n<p>Iar nu de pu\u021bine ori, principalul beneficiar al anul\u0103rii alegerilor nu doar c\u0103 \u0219i-a recunoscut implicarea \u00een decizia-\u0219oc, dar s-a \u0219i dat de gol c\u0103 a avut sistemul \u00een spate.<\/p>\n<p>\u00cenregistr\u0103rile care demasc\u0103 planul pentru alesul sistemului<\/p>\n<p>\u201eDac\u0103 intr\u0103 C\u0103lin Georgescu \u00een turul doi, te preg\u0103te\u0219ti Nicu\u0219or pentru preziden\u021biale.\u201d, spunea \u0218tefan Stofor.<\/p>\n<p>O reac\u021bie tras\u0103 la indigo cu cea a lui <a href=\"https:\/\/www.realitatea.net\/stiri\/actual\/nicusor-dan-pierde-meciul-cu-parlamentul-pe-tema-extremismului-neclaritatile-semnatice-nu-iau-impresionat-pe-senatori-si-deputati_6936fd31b2c01a3c09515652\" target=\"_blank\">Nicu\u0219or Dan<\/a> a avut pre\u0219edintele american George Bosh, \u00een timpul atacurilor teroriste din 2001 care au schimbat lumea.<\/p>\n<p>\u201eEu vreau o analiz\u0103 de la institu\u021biile statului rom\u00e2n despre cum s-a \u00eent\u00e2mplat lucrul \u0103sta&#8230; despre c\u00e2\u021bi bani, c\u00e2te conturi, ce mecanisme s-au folosit pe TikTok ca omul \u0103sta s\u0103 fie promovat. Poate a folosit ni\u0219te mecanisme ilegale, poate nu.\u201d, spunea Nicu\u0219or Dan despre C\u0103lin Georgescu.<\/p>\n<p>\u201eV\u0103 anun\u021b c\u0103 inten\u021bionez s\u0103 candidez la alegerile preziden\u021biale din 2025. Va fi o lupt\u0103 care va implica mecanisme administrative, coagul\u0103ri politice, justi\u021bie.\u201d, se ar\u0103ta \u00eentr-un clip postat de Nicu\u0219or Dan.<\/p>\n<p>\u201e\u0218i atunci consultan\u021bii mi-au spus, c\u0103 p\u00e2n\u0103 la urm\u0103 \u00eentreb\u0103rile sunt previzibile, nu sunt mai mult de 20 \u00eentr-o campanie&#8230;\u0219i atunci m-au pus s\u0103 \u00eenv\u0103\u021b\u00a0pe de rost ni\u0219te r\u0103spunsuri pe care s\u0103 le dau instant \u0219i lumea a zis uite \u0219i-a \u00eembun\u0103t\u0103\u021bit comunicarea.\u201d (r\u00e2de \u0219i el si Mirabela, partenera).<\/p>\n<p>\u201eCe s-a \u00eent\u00e2mplat \u00een alegerile pe care NOI le-am anulat a fost c\u0103 ni\u0219te oameni, f\u0103r\u0103 s\u0103 anun\u021be, au pus mul\u021bi bani pentru a promova pe cineva. Asta nu trebuia s\u0103 se \u00eent\u00e2mple.\u201d, m\u0103rturisea <a href=\"https:\/\/www.realitatea.net\/stiri\/actual\/nicusor-dan-dupa-rezultatul-alegerilor-bucurestenii-au-ales-un-primar-trebuie-sai-dam-acum-mijloacele-de-a-guverna-orasul_6936c898cb758802cf290e92\" target=\"_blank\">Nicu\u0219or Dan.<\/a><\/p>\n<p>\u201e\u00cen octombrie, n-avea nicio leg\u0103tur\u0103 cu alegerile domnul Nicu\u0219or Dan. Tocmai fusese reales, alegerile preziden\u021biale urmau s\u0103 se desf\u0103\u0219oare, era deja \u00eenchis\u0103 lista de candidaturi. Am stabilit ziua de 6 decembrie. A venit la Cluj conform programului. Eu am rostit un scurt \u201eL\u0103uda\u021bi\u201d, cum se obi\u0219nuie\u0219te \u00een protocol&#8230;dup\u0103 care a venit r\u00e2ndul domniei sale s\u0103-\u0219i rosteasc\u0103 discursul de acceptare a premiului. \u00cen timp ce vorbea publicului, studen\u021bilor de la noi de la facultate, am v\u0103zut \u00een sal\u0103 o oarecare rumoare&#8230;uit\u0103-te \u00een telefon \u0219i tocmai ap\u0103ruse \u0219tirea &#8211; Curtea Constitu\u021bional\u0103&#8230;am \u00een\u021beles ini\u021bial c\u0103 invalideaz\u0103&#8230;a invalidat alegerile. La o or\u0103, dou\u0103, practic dup\u0103 ce s-a pronun\u021bat CCR-ul&#8230;\u00eentr-o discu\u021bie c\u00e2nd un coleg aflat la mas\u0103 a citit cu aten\u021bie decizia CCR, domnul Danile\u021b era l\u00e2ng\u0103 mine&#8230;a zis sta\u021bi s\u0103 v\u0103 spun bomba&#8230;c\u0103, de fapt, i-a anulat \u00eentregul proces&#8230;se reia de la cap\u0103t, inclusiv cu depunerea candidaturilor. Acela este momentul&#8230;vineri dup\u0103 mas\u0103, 6 decembrie, \u00een care ne-a venit ideea \u0219i Nicu\u0219or Dan nu a spus \u201enu\u201d.<\/p>\n<p>\u00cen momentul \u00een care nu a spus nu, noi ne-am dat seama c\u0103 ia \u00een considerare acest lucru.\u201d, a declarat Valentin Naumescu.<\/p>","protected":false},"excerpt":{"rendered":"<p>\u0218tefan Stofor este rezistul care l-a \u00eendemnat s\u0103 candideze \u00eenc\u0103 de c\u00e2nd se num\u0103rau voturile.&hellip;<\/p>\n","protected":false},"author":0,"featured_media":50656,"comment_status":"open","ping_status":"open","sticky":false,"template":"","format":"standard","meta":{"footnotes":""},"categories":[3],"tags":[],"class_list":["post-50655","post","type-post","status-publish","format-standard","has-post-thumbnail","hentry","category-politica"],"_links":{"self":[{"href":"https:\/\/247stiri.ro\/index.php\/wp-json\/wp\/v2\/posts\/50655","targetHints":{"allow":["GET"]}}],"collection":[{"href":"https:\/\/247stiri.ro\/index.php\/wp-json\/wp\/v2\/posts"}],"about":[{"href":"https:\/\/247stiri.ro\/index.php\/wp-json\/wp\/v2\/types\/post"}],"replies":[{"embeddable":true,"href":"https:\/\/247stiri.ro\/index.php\/wp-json\/wp\/v2\/comments?post=50655"}],"version-history":[{"count":0,"href":"https:\/\/247stiri.ro\/index.php\/wp-json\/wp\/v2\/posts\/50655\/revisions"}],"wp:featuredmedia":[{"embeddable":true,"href":"https:\/\/247stiri.ro\/index.php\/wp-json\/wp\/v2\/media\/50656"}],"wp:attachment":[{"href":"https:\/\/247stiri.ro\/index.php\/wp-json\/wp\/v2\/media?parent=50655"}],"wp:term":[{"taxonomy":"category","embeddable":true,"href":"https:\/\/247stiri.ro\/index.php\/wp-json\/wp\/v2\/categories?post=50655"},{"taxonomy":"post_tag","embeddable":true,"href":"https:\/\/247stiri.ro\/index.php\/wp-json\/wp\/v2\/tags?post=50655"}],"curies":[{"name":"wp","href":"https:\/\/api.w.org\/{rel}","templated":true}]}}