{"id":50657,"date":"2025-12-09T05:44:49","date_gmt":"2025-12-09T05:44:49","guid":{"rendered":"https:\/\/247stiri.ro\/index.php\/2025\/12\/09\/sistemul-loveste-murdar-calin-georgescu-citat-de-urgenta-la-instanta\/"},"modified":"2025-12-09T05:44:49","modified_gmt":"2025-12-09T05:44:49","slug":"sistemul-loveste-murdar-calin-georgescu-citat-de-urgenta-la-instanta","status":"publish","type":"post","link":"https:\/\/247stiri.ro\/index.php\/2025\/12\/09\/sistemul-loveste-murdar-calin-georgescu-citat-de-urgenta-la-instanta\/","title":{"rendered":"Sistemul love\u0219te murdar: C\u0103lin Georgescu, citat de urgen\u021b\u0103 la instan\u021b\u0103!"},"content":{"rendered":"<p>Se fac noi presiuni asupra liderului suveranist C\u0103lin Georgescu, asupra dosarelor \u00een care acesta este implicat.<\/p>\n<p>Ast\u0103zi acesta se prezint\u0103 \u00een fa\u021ba magistra\u021bilor de la Judec\u0103toria Sectorului 1,\u00a0asta dup\u0103 ce a fost citat de urgen\u021b\u0103 pentru a se prezenta \u00een acest proces al\u0103turi de avoca\u021bi.\u00a0Se pare c\u0103 este vorba despre o verificare de m\u0103sur\u0103 preventiv\u0103 \u00een primul dosar penal trimis \u00een judecat\u0103. Practic, judec\u0103torii vor decide dac\u0103 se va prelungi controlul judiciar pentru urm\u0103toarele 60 de zile.<\/p>\n<p>\u00cen acest caz, decizia nu va fi una definitiv\u0103 \u0219i va putea fi atacat\u0103 cu apel.\u00a0Tot ast\u0103zi, C\u0103lin Georgescu trebuie s\u0103 se prezinte \u0219i la Sec\u021bie de Poli\u021bie din Buftea\u00a0pentru a semna controlul judiciar.<\/p>\n<p>Un aspect extrem de important: m\u00e2ine este o zi crucial\u0103, cu toate aceste aspecte, plus c\u0103 magistra\u021bii sunt a\u0219tepta\u021bi s\u0103 ofere un r\u0103spuns cu privire la primul dosar &#8211; dac\u0103 se re\u00eentoarce \u00eenapoi pe masa procurorilor de la Parchetul General \u0219i dac\u0103 se desfiin\u021beaz\u0103 anumite probe dup\u0103 anumite condi\u021bii \u0219i anumite excep\u021bii ridicate de c\u0103tre avoca\u021bii lui C\u0103lin Georgescu \u00een procedura de camer\u0103 preliminar\u0103.<\/p>\n<p>\u00a0<\/p>\n<p>\u00a0<\/p>","protected":false},"excerpt":{"rendered":"<p>Se fac noi presiuni asupra liderului suveranist C\u0103lin Georgescu, asupra dosarelor \u00een care acesta este&hellip;<\/p>\n","protected":false},"author":0,"featured_media":50658,"comment_status":"open","ping_status":"open","sticky":false,"template":"","format":"standard","meta":{"footnotes":""},"categories":[2],"tags":[],"class_list":["post-50657","post","type-post","status-publish","format-standard","has-post-thumbnail","hentry","category-actual"],"_links":{"self":[{"href":"https:\/\/247stiri.ro\/index.php\/wp-json\/wp\/v2\/posts\/50657","targetHints":{"allow":["GET"]}}],"collection":[{"href":"https:\/\/247stiri.ro\/index.php\/wp-json\/wp\/v2\/posts"}],"about":[{"href":"https:\/\/247stiri.ro\/index.php\/wp-json\/wp\/v2\/types\/post"}],"replies":[{"embeddable":true,"href":"https:\/\/247stiri.ro\/index.php\/wp-json\/wp\/v2\/comments?post=50657"}],"version-history":[{"count":0,"href":"https:\/\/247stiri.ro\/index.php\/wp-json\/wp\/v2\/posts\/50657\/revisions"}],"wp:featuredmedia":[{"embeddable":true,"href":"https:\/\/247stiri.ro\/index.php\/wp-json\/wp\/v2\/media\/50658"}],"wp:attachment":[{"href":"https:\/\/247stiri.ro\/index.php\/wp-json\/wp\/v2\/media?parent=50657"}],"wp:term":[{"taxonomy":"category","embeddable":true,"href":"https:\/\/247stiri.ro\/index.php\/wp-json\/wp\/v2\/categories?post=50657"},{"taxonomy":"post_tag","embeddable":true,"href":"https:\/\/247stiri.ro\/index.php\/wp-json\/wp\/v2\/tags?post=50657"}],"curies":[{"name":"wp","href":"https:\/\/api.w.org\/{rel}","templated":true}]}}