{"id":50671,"date":"2025-12-09T07:05:25","date_gmt":"2025-12-09T07:05:25","guid":{"rendered":"https:\/\/247stiri.ro\/index.php\/2025\/12\/09\/nicusor-dan-se-intalneste-cu-emmanuel-macron-la-palatul-elysee\/"},"modified":"2025-12-09T07:05:25","modified_gmt":"2025-12-09T07:05:25","slug":"nicusor-dan-se-intalneste-cu-emmanuel-macron-la-palatul-elysee","status":"publish","type":"post","link":"https:\/\/247stiri.ro\/index.php\/2025\/12\/09\/nicusor-dan-se-intalneste-cu-emmanuel-macron-la-palatul-elysee\/","title":{"rendered":"Nicu\u0219or Dan se \u00eent\u00e2lne\u0219te cu Emmanuel Macron la Palatul \u00c9lys\u00e9e"},"content":{"rendered":"<p>Mar\u0163i, de la ora 9.30, Nicu\u015for Dan va avea o \u00eent\u00e2lnire cu reprezentan\u0163i ai companiilor economice franceze, organizat\u0103 de Mi\u015fcarea \u00centreprinderilor din Fran\u0163a (Medef).<\/p>\n<p>De la ora 12.30, \u015feful statului va avea o \u00eentrevedere cu primarul Parisului, Anne Hidalgo, iar de la 13.30 va participa la inaugurarea aleii \u201dNicolae Titulescu\u201d \u00een Parcul Monceau din Paris.<\/p>\n<p>Ulterior, la ora 14.00, Nicu\u015for Dan va avea o \u00eentrevedere cu pre\u015fedintele Fran\u0163ei, Emmanuel Macron, la Palatul \u00c9lys\u00e9e. Tot mar\u0163i, de la ora 17.50, \u015feful statului va face o vizit\u0103 la fabrica Thales.<\/p>\n<p>Pre\u015fedintele Nicu\u015for Dan, aflat \u00een vizit\u0103 oficial\u0103 \u00een Fran\u0163a, a avut luni sear\u0103 o \u00eent\u00e2lnire cu reprezentan\u0163ii comunit\u0103\u0163ii rom\u00e2ne\u015fti.<\/p>\n<p>El le-a transmis rom\u00e2nilor c\u0103 dore\u015fte un dialog c\u00e2t mai intens cu ei, pe teme economice, sociale \u015fi academice din care toat\u0103 lumea s\u0103 aib\u0103 de c\u00e2\u015ftigat.<\/p>","protected":false},"excerpt":{"rendered":"<p>Mar\u0163i, de la ora 9.30, Nicu\u015for Dan va avea o \u00eent\u00e2lnire cu reprezentan\u0163i ai companiilor&hellip;<\/p>\n","protected":false},"author":0,"featured_media":50672,"comment_status":"open","ping_status":"open","sticky":false,"template":"","format":"standard","meta":{"footnotes":""},"categories":[3],"tags":[],"class_list":["post-50671","post","type-post","status-publish","format-standard","has-post-thumbnail","hentry","category-politica"],"_links":{"self":[{"href":"https:\/\/247stiri.ro\/index.php\/wp-json\/wp\/v2\/posts\/50671","targetHints":{"allow":["GET"]}}],"collection":[{"href":"https:\/\/247stiri.ro\/index.php\/wp-json\/wp\/v2\/posts"}],"about":[{"href":"https:\/\/247stiri.ro\/index.php\/wp-json\/wp\/v2\/types\/post"}],"replies":[{"embeddable":true,"href":"https:\/\/247stiri.ro\/index.php\/wp-json\/wp\/v2\/comments?post=50671"}],"version-history":[{"count":0,"href":"https:\/\/247stiri.ro\/index.php\/wp-json\/wp\/v2\/posts\/50671\/revisions"}],"wp:featuredmedia":[{"embeddable":true,"href":"https:\/\/247stiri.ro\/index.php\/wp-json\/wp\/v2\/media\/50672"}],"wp:attachment":[{"href":"https:\/\/247stiri.ro\/index.php\/wp-json\/wp\/v2\/media?parent=50671"}],"wp:term":[{"taxonomy":"category","embeddable":true,"href":"https:\/\/247stiri.ro\/index.php\/wp-json\/wp\/v2\/categories?post=50671"},{"taxonomy":"post_tag","embeddable":true,"href":"https:\/\/247stiri.ro\/index.php\/wp-json\/wp\/v2\/tags?post=50671"}],"curies":[{"name":"wp","href":"https:\/\/api.w.org\/{rel}","templated":true}]}}