{"id":50675,"date":"2025-12-09T07:05:27","date_gmt":"2025-12-09T07:05:27","guid":{"rendered":"https:\/\/247stiri.ro\/index.php\/2025\/12\/09\/sedinta-cruciala-la-psd-se-decide-soarta-guvernului-bolojan\/"},"modified":"2025-12-09T07:05:27","modified_gmt":"2025-12-09T07:05:27","slug":"sedinta-cruciala-la-psd-se-decide-soarta-guvernului-bolojan","status":"publish","type":"post","link":"https:\/\/247stiri.ro\/index.php\/2025\/12\/09\/sedinta-cruciala-la-psd-se-decide-soarta-guvernului-bolojan\/","title":{"rendered":"\u0218edin\u021b\u0103 crucial\u0103 la PSD: se decide soarta Guvernului Bolojan"},"content":{"rendered":"<p>La ora 10:00 se reunesc social-democra\u021bii \u00een prima \u0219edin\u021b\u0103 a liderilor partidului dup\u0103 alegerile pentru Prim\u0103ria Capitalei.<\/p>\n<p>Este o \u0219edin\u021b\u0103 \u00een care ne a\u0219tept\u0103m s\u0103 se discute inclusiv despre tensiunile din Coali\u021bie, pentru c\u0103 &#8211; spun surse de la v\u00e2rful partidului &#8211; c\u0103 se ia \u00een calcul \u00een momentul de fa\u021b\u0103 ie\u0219irea de la guvernare \u0219i trecerea \u00een Opozi\u021bie, \u00een condi\u021biile \u00een care am v\u0103zut rezultatele de la alegerile pentru prim\u0103rie, care arat\u0103 c\u0103 tot mai multe voturi merg \u00eenspre Opozi\u021bie.<\/p>\n<p>Deci, social-democra\u021bii iau \u00een calcul inclusiv scenariul ruperii Coali\u021biei \u0219i plec\u0103rii de la guvernare \u0219i ne a\u0219tept\u0103m s\u0103 existe discu\u021bii \u0219i pe aceast\u0103 tem\u0103.<\/p>\n<p>Trebuie s\u0103 existe discu\u021bii \u0219i despre rezultatul pe care partidul l-a ob\u021binut \u00een aceste alegeri. \u0218i vine aceast\u0103 \u0219edin\u021b\u0103 cu foarte pu\u021bin timp \u00eenainte de o \u0219edin\u021b\u0103 de Coali\u021bie, o \u0219edin\u021b\u0103 cu liderii tuturor partidelor care trebuie s\u0103 aib\u0103 loc zilele viitoare. Va fi prima \u0219edin\u021b\u0103 de Coali\u021bie nu doar dup\u0103 alegerile pentru Prim\u0103ria Bucure\u0219tiului, ci \u0219i din ultimele s\u0103pt\u0103m\u00e2ni, pentru c\u0103 de ceva zile bune toate negocierile \u00eentre liderii partidelor sunt suspendate, tocmai din cauza tensiunilor care sunt \u00een momentul de fa\u021b\u0103 \u00een interiorul Coali\u021biei.<\/p>","protected":false},"excerpt":{"rendered":"<p>La ora 10:00 se reunesc social-democra\u021bii \u00een prima \u0219edin\u021b\u0103 a liderilor partidului dup\u0103 alegerile pentru&hellip;<\/p>\n","protected":false},"author":0,"featured_media":50676,"comment_status":"open","ping_status":"open","sticky":false,"template":"","format":"standard","meta":{"footnotes":""},"categories":[3],"tags":[],"class_list":["post-50675","post","type-post","status-publish","format-standard","has-post-thumbnail","hentry","category-politica"],"_links":{"self":[{"href":"https:\/\/247stiri.ro\/index.php\/wp-json\/wp\/v2\/posts\/50675","targetHints":{"allow":["GET"]}}],"collection":[{"href":"https:\/\/247stiri.ro\/index.php\/wp-json\/wp\/v2\/posts"}],"about":[{"href":"https:\/\/247stiri.ro\/index.php\/wp-json\/wp\/v2\/types\/post"}],"replies":[{"embeddable":true,"href":"https:\/\/247stiri.ro\/index.php\/wp-json\/wp\/v2\/comments?post=50675"}],"version-history":[{"count":0,"href":"https:\/\/247stiri.ro\/index.php\/wp-json\/wp\/v2\/posts\/50675\/revisions"}],"wp:featuredmedia":[{"embeddable":true,"href":"https:\/\/247stiri.ro\/index.php\/wp-json\/wp\/v2\/media\/50676"}],"wp:attachment":[{"href":"https:\/\/247stiri.ro\/index.php\/wp-json\/wp\/v2\/media?parent=50675"}],"wp:term":[{"taxonomy":"category","embeddable":true,"href":"https:\/\/247stiri.ro\/index.php\/wp-json\/wp\/v2\/categories?post=50675"},{"taxonomy":"post_tag","embeddable":true,"href":"https:\/\/247stiri.ro\/index.php\/wp-json\/wp\/v2\/tags?post=50675"}],"curies":[{"name":"wp","href":"https:\/\/api.w.org\/{rel}","templated":true}]}}