{"id":50772,"date":"2025-12-09T12:45:09","date_gmt":"2025-12-09T12:45:09","guid":{"rendered":"https:\/\/247stiri.ro\/index.php\/2025\/12\/09\/surse-grindeanu-i-a-cerut-lui-bolojan-demiterea-rezistei-de-la-mediu-si-desfiintarea-esz-prahova-care-a-lasat-oamenii-fara-apa-stenograme\/"},"modified":"2025-12-09T12:45:09","modified_gmt":"2025-12-09T12:45:09","slug":"surse-grindeanu-i-a-cerut-lui-bolojan-demiterea-rezistei-de-la-mediu-si-desfiintarea-esz-prahova-care-a-lasat-oamenii-fara-apa-stenograme","status":"publish","type":"post","link":"https:\/\/247stiri.ro\/index.php\/2025\/12\/09\/surse-grindeanu-i-a-cerut-lui-bolojan-demiterea-rezistei-de-la-mediu-si-desfiintarea-esz-prahova-care-a-lasat-oamenii-fara-apa-stenograme\/","title":{"rendered":"SURSE: Grindeanu i-a cerut lui Bolojan demiterea rezistei de la Mediu \u0219i desfiin\u021barea ESZ Prahova care a l\u0103sat oamenii f\u0103r\u0103 ap\u0103 &#8211; STENOGRAME"},"content":{"rendered":"<p>Potrivit surselor Realitatea PLUS, Sorin Grindeanu i-a cerut \u00een aceast\u0103 \u00eent\u00e2lnire premierului Ilie Bolojan s\u0103 o demit\u0103 pe ministra mediului Diana Buzoianu, s\u0103 demit\u0103 \u0219i conducerea USR din cadrul apele rom\u00e2ne \u0219i de asemenea s\u0103 desfin\u021beze ESZ Prahova prin trecerea \u00een subordine a Consiliului Jude\u021bean.<\/p>\n<p>Aceste solicit\u0103ri vin \u00een contextul \u00een care mai mul\u021bi social-democra\u021bi \u00een ultimele s\u0103pt\u0103m\u00e2ni au criticat-o pe Diana Buzoianu \u0219i i-au cerut demisia.<\/p>\n<p>PSD VREA DEMISIA MINISTRULUI MEDIULUI DUP\u0102 CRIZA APEI<\/p>\n<p>Corneliu Stefan ( CJ D\u00e2mbovi\u021ba): Suntem \u00een a 12-a zi \u00een care oamenii nu au apa potabil\u0103. Este foarte grav. \u0218i v\u0103d c\u0103 doamna de la USR de la Mediu se \u021bine de jocuri politice la Bucure\u0219ti.<\/p>\n<p>Lauren\u021biu Nistor ( CJ Hunedoara): Nu se poate, domnule! S\u0103 plece odat\u0103 \u0219i s\u0103 \u00ee\u0219i asume dezastrul. Chiar vrea s\u0103 fie focar de infec\u021bie acolo?!<\/p>\n<p>Ionu\u021b Pucheanu: Eu sunt scandalizat c\u0103 a numit politruci de la USR de sus p\u00e2n\u0103 jos \u00een Apele Rom\u00e2ne \u0219i acum tot ea are tupeu s\u0103 fac\u0103 scandal.<\/p>\n<p>Sorin Grindeanu: Voi avea ast\u0103zi o discu\u021bie cu Bolojan. Doamna Buzoianu trebuie s\u0103 plece.<\/p>\n<p>Sursa: stenograme \u0219edinta PSD\u00a0<\/p>\n<p>La dezbaterile din plen, social-democra\u021bii s-au alaturat protestelor opozi\u021biei. Iat\u0103 c\u0103 acum vine aceast\u0103 solicitare. Sorin Grindeanu spunea pu\u021bin mai devreme \u00een cadrul conferin\u021bei de pres\u0103 chiar c\u0103 acesta va fi unul dintre lucrurile care va c\u00e2nt\u0103ri la acea revaloare care se va face \u00een interiorul partidului atunci c\u00e2nd PSD va stabili dac\u0103 va r\u0103m\u00e2ne sau nu \u00een continuare la guvernare sau dac\u0103 mai degrab\u0103 va trece \u00een opozi\u021bie.<\/p>\n<p>Deci \u00een func\u021bie de ce va face Ilie Bolojan \u00een zilele urm\u0103toare, atunci \u0219i social-democra\u021bii cel mai probabil vor lua \u0219i asta \u00een calcul \u00een momentul \u00een care vor decide \u00een perioada urm\u0103toare dac\u0103 mai r\u0103m\u00e2n s\u0103 fac\u0103 parte din acest guvern sau dac\u0103 se al\u0103tur\u0103 opozi\u021biei.<\/p>","protected":false},"excerpt":{"rendered":"<p>Potrivit surselor Realitatea PLUS, Sorin Grindeanu i-a cerut \u00een aceast\u0103 \u00eent\u00e2lnire premierului Ilie Bolojan s\u0103&hellip;<\/p>\n","protected":false},"author":0,"featured_media":50769,"comment_status":"open","ping_status":"open","sticky":false,"template":"","format":"standard","meta":{"footnotes":""},"categories":[2],"tags":[],"class_list":["post-50772","post","type-post","status-publish","format-standard","has-post-thumbnail","hentry","category-actual"],"_links":{"self":[{"href":"https:\/\/247stiri.ro\/index.php\/wp-json\/wp\/v2\/posts\/50772","targetHints":{"allow":["GET"]}}],"collection":[{"href":"https:\/\/247stiri.ro\/index.php\/wp-json\/wp\/v2\/posts"}],"about":[{"href":"https:\/\/247stiri.ro\/index.php\/wp-json\/wp\/v2\/types\/post"}],"replies":[{"embeddable":true,"href":"https:\/\/247stiri.ro\/index.php\/wp-json\/wp\/v2\/comments?post=50772"}],"version-history":[{"count":0,"href":"https:\/\/247stiri.ro\/index.php\/wp-json\/wp\/v2\/posts\/50772\/revisions"}],"wp:featuredmedia":[{"embeddable":true,"href":"https:\/\/247stiri.ro\/index.php\/wp-json\/wp\/v2\/media\/50769"}],"wp:attachment":[{"href":"https:\/\/247stiri.ro\/index.php\/wp-json\/wp\/v2\/media?parent=50772"}],"wp:term":[{"taxonomy":"category","embeddable":true,"href":"https:\/\/247stiri.ro\/index.php\/wp-json\/wp\/v2\/categories?post=50772"},{"taxonomy":"post_tag","embeddable":true,"href":"https:\/\/247stiri.ro\/index.php\/wp-json\/wp\/v2\/tags?post=50772"}],"curies":[{"name":"wp","href":"https:\/\/api.w.org\/{rel}","templated":true}]}}