{"id":50774,"date":"2025-12-09T12:45:09","date_gmt":"2025-12-09T12:45:09","guid":{"rendered":"https:\/\/247stiri.ro\/index.php\/2025\/12\/09\/pachet-nou-de-masuri-de-sarbatori-ce-mai-taie-bolojan\/"},"modified":"2025-12-09T12:45:09","modified_gmt":"2025-12-09T12:45:09","slug":"pachet-nou-de-masuri-de-sarbatori-ce-mai-taie-bolojan","status":"publish","type":"post","link":"https:\/\/247stiri.ro\/index.php\/2025\/12\/09\/pachet-nou-de-masuri-de-sarbatori-ce-mai-taie-bolojan\/","title":{"rendered":"Pachet nou de m\u0103suri, de S\u0103rb\u0103tori: ce mai taie Bolojan?"},"content":{"rendered":"<p>Premierul Ilie Bolojan spunea c\u0103 \u0219i-ar dori ca acest pachet s\u0103 fie trecut \u0219i asumat \u00een Parlament \u00eenainte de elaborarea bugetului pe anul 2026, astfel \u00eenc\u00e2t bugetul s\u0103 fie conturat pe aceste date actuale, care se refer\u0103 la reforma \u00een administra\u021bie.\u00a0<\/p>\n<p>Concret, vorbim despre administra\u021bia local\u0103, unde s-a convenit o reducere de cel mult 30% a posturilor, dar nu mai mult de 20% posturi ocupate. \u00cen administra\u021bia central\u0103 ar urma s\u0103 fie reduse posturile cu 10%.<\/p>\n<p>Ultimele date arat\u0103 c\u0103 pe aceste procente la care s-a ajuns la un acord am vorbi de aproximativ 13.000 de oameni care ar putea r\u0103m\u00e2ne f\u0103r\u0103 un loc de munc\u0103.\u00a0<\/p>\n<p>\u00cen plus, s-a discutat \u00een Coali\u021bie \u0219i despre o posibil\u0103 t\u0103iere a salariilor cu 10 procente. Sindicatele spuneau \u00eens\u0103 c\u0103 dac\u0103 Guvernul taie salariile atunci vor declan\u0219a o grev\u0103 general\u0103 f\u0103r\u0103 precedent \u0219i vor bloca activitatea.\u00a0<\/p>\n<p>P\u00e2n\u0103 la finalul acestei luni ar trebui s\u0103 avem adoptate aceste pachete. Vom vedea dac\u0103 p\u00e2n\u0103 la urm\u0103 Ilie Bolojan va merge mai departe cu aceste t\u0103ieri sau dac\u0103 mai e loc de negocieri \u00een Coali\u021bie. Social-democra\u021bii au spus de mai multe ori c\u0103 nu sunt de acord cu nicio t\u0103iere.\u00a0<\/p>\n<p>\u00a0<\/p>","protected":false},"excerpt":{"rendered":"<p>Premierul Ilie Bolojan spunea c\u0103 \u0219i-ar dori ca acest pachet s\u0103 fie trecut \u0219i asumat&hellip;<\/p>\n","protected":false},"author":0,"featured_media":50775,"comment_status":"open","ping_status":"open","sticky":false,"template":"","format":"standard","meta":{"footnotes":""},"categories":[2],"tags":[],"class_list":["post-50774","post","type-post","status-publish","format-standard","has-post-thumbnail","hentry","category-actual"],"_links":{"self":[{"href":"https:\/\/247stiri.ro\/index.php\/wp-json\/wp\/v2\/posts\/50774","targetHints":{"allow":["GET"]}}],"collection":[{"href":"https:\/\/247stiri.ro\/index.php\/wp-json\/wp\/v2\/posts"}],"about":[{"href":"https:\/\/247stiri.ro\/index.php\/wp-json\/wp\/v2\/types\/post"}],"replies":[{"embeddable":true,"href":"https:\/\/247stiri.ro\/index.php\/wp-json\/wp\/v2\/comments?post=50774"}],"version-history":[{"count":0,"href":"https:\/\/247stiri.ro\/index.php\/wp-json\/wp\/v2\/posts\/50774\/revisions"}],"wp:featuredmedia":[{"embeddable":true,"href":"https:\/\/247stiri.ro\/index.php\/wp-json\/wp\/v2\/media\/50775"}],"wp:attachment":[{"href":"https:\/\/247stiri.ro\/index.php\/wp-json\/wp\/v2\/media?parent=50774"}],"wp:term":[{"taxonomy":"category","embeddable":true,"href":"https:\/\/247stiri.ro\/index.php\/wp-json\/wp\/v2\/categories?post=50774"},{"taxonomy":"post_tag","embeddable":true,"href":"https:\/\/247stiri.ro\/index.php\/wp-json\/wp\/v2\/tags?post=50774"}],"curies":[{"name":"wp","href":"https:\/\/api.w.org\/{rel}","templated":true}]}}