{"id":50785,"date":"2025-12-09T13:45:22","date_gmt":"2025-12-09T13:45:22","guid":{"rendered":"https:\/\/247stiri.ro\/index.php\/2025\/12\/09\/un-tanar-plecat-la-studii-in-olanda-este-cautat-de-politisti-familia-nu-mai-stie-nimic-de-el-de-cateva-luni\/"},"modified":"2025-12-09T13:45:22","modified_gmt":"2025-12-09T13:45:22","slug":"un-tanar-plecat-la-studii-in-olanda-este-cautat-de-politisti-familia-nu-mai-stie-nimic-de-el-de-cateva-luni","status":"publish","type":"post","link":"https:\/\/247stiri.ro\/index.php\/2025\/12\/09\/un-tanar-plecat-la-studii-in-olanda-este-cautat-de-politisti-familia-nu-mai-stie-nimic-de-el-de-cateva-luni\/","title":{"rendered":"Un t\u00e2n\u0103r plecat la studii \u00een Olanda este c\u0103utat de poli\u021bi\u0219ti. Familia nu mai \u0219tie nimic de el de c\u00e2teva luni"},"content":{"rendered":"<p>Potrivit acesteia, poli\u021bi\u0219tii din cadrul Poli\u021biei Municipiului Motru au fost sesiza\u021bi, luni, de un b\u0103rbat de 55 de ani, din localitate, cu privire la faptul c\u0103 nepotul s\u0103u, George Alexandru Vieru, de 23 de ani, domiciliat \u00een aceea\u0219i localitate, ar fi plecat la facultate \u00een cursul anului 2022, pe teritoriul Olandei, iar din martie &#8211; aprilie anul acesta nu a mai luat leg\u0103tura cu membrii familiei \u0219i nu se \u0219tie unde se afl\u0103 \u00een prezent.Semnalmente: \u00een\u0103l\u021bime 1,80 &#8211; 1,85 metri, greutate aproximativ\u0103 de 90 de kilograme, ten alb, p\u0103r satin, tuns mediu, purtat peste cap, fa\u021b\u0103 oval\u0103, constitu\u021bie atletic\u0103, ochi c\u0103prui, f\u0103r\u0103 semne particulare, poart\u0103 ochelari de vedere.Persoanele care pot oferi detalii care s\u0103 poat\u0103 ajuta la identificarea t\u00e2n\u0103rului sunt rugate s\u0103 apeleze num\u0103rul unic de urgen\u021b\u0103 112 sau s\u0103 se deplaseze la cea mai apropiat\u0103 unitate de poli\u021bie.<\/p>\n<p><a href=\"https:\/\/www.realitatea.net\/stiri\/actual\/tpbi-va-modifica,-miercuri,%20temporar%20traseul%20pentru%20linia%20282_69381418b21f133a5e4b3482\" target=\"_blank\">TPBI va modifica, miercuri, temporar traseul pentru linia 282<\/a><\/p>","protected":false},"excerpt":{"rendered":"<p>Potrivit acesteia, poli\u021bi\u0219tii din cadrul Poli\u021biei Municipiului Motru au fost sesiza\u021bi, luni, de un b\u0103rbat&hellip;<\/p>\n","protected":false},"author":0,"featured_media":50777,"comment_status":"open","ping_status":"open","sticky":false,"template":"","format":"standard","meta":{"footnotes":""},"categories":[2],"tags":[],"class_list":["post-50785","post","type-post","status-publish","format-standard","has-post-thumbnail","hentry","category-actual"],"_links":{"self":[{"href":"https:\/\/247stiri.ro\/index.php\/wp-json\/wp\/v2\/posts\/50785","targetHints":{"allow":["GET"]}}],"collection":[{"href":"https:\/\/247stiri.ro\/index.php\/wp-json\/wp\/v2\/posts"}],"about":[{"href":"https:\/\/247stiri.ro\/index.php\/wp-json\/wp\/v2\/types\/post"}],"replies":[{"embeddable":true,"href":"https:\/\/247stiri.ro\/index.php\/wp-json\/wp\/v2\/comments?post=50785"}],"version-history":[{"count":0,"href":"https:\/\/247stiri.ro\/index.php\/wp-json\/wp\/v2\/posts\/50785\/revisions"}],"wp:featuredmedia":[{"embeddable":true,"href":"https:\/\/247stiri.ro\/index.php\/wp-json\/wp\/v2\/media\/50777"}],"wp:attachment":[{"href":"https:\/\/247stiri.ro\/index.php\/wp-json\/wp\/v2\/media?parent=50785"}],"wp:term":[{"taxonomy":"category","embeddable":true,"href":"https:\/\/247stiri.ro\/index.php\/wp-json\/wp\/v2\/categories?post=50785"},{"taxonomy":"post_tag","embeddable":true,"href":"https:\/\/247stiri.ro\/index.php\/wp-json\/wp\/v2\/tags?post=50785"}],"curies":[{"name":"wp","href":"https:\/\/api.w.org\/{rel}","templated":true}]}}