{"id":50786,"date":"2025-12-09T13:45:22","date_gmt":"2025-12-09T13:45:22","guid":{"rendered":"https:\/\/247stiri.ro\/index.php\/2025\/12\/09\/marius-budai-critica-ideea-inghetarii-salariului-minim-nu-voi-vota-nicio-astfel-de-lege-sau-de-ordonanta\/"},"modified":"2025-12-09T13:45:22","modified_gmt":"2025-12-09T13:45:22","slug":"marius-budai-critica-ideea-inghetarii-salariului-minim-nu-voi-vota-nicio-astfel-de-lege-sau-de-ordonanta","status":"publish","type":"post","link":"https:\/\/247stiri.ro\/index.php\/2025\/12\/09\/marius-budai-critica-ideea-inghetarii-salariului-minim-nu-voi-vota-nicio-astfel-de-lege-sau-de-ordonanta\/","title":{"rendered":"Marius Bud\u0103i critic\u0103 ideea \u00eenghe\u021b\u0103rii salariului minim: \u201eNu voi vota nicio astfel de lege sau de ordonan\u021b\u0103!\u201d"},"content":{"rendered":"<p>\u201eV\u0103d c\u0103 se tot vorbe\u0219te de un act normativ care s\u0103 \u00eenghe\u021be salariul minim. \u00cen toate statele din jur salariul minim cre\u0219te! Eu spun doar at\u00e2t: nu voi vota nicio astfel de lege sau ordonan\u021b\u0103 dac\u0103 va ajunge pe masa mea de parlamentar\u201d, a transmis Bud\u0103i \u00eentr-o postare pe Facebook.<\/p>\n<p>Social-democratul a subliniat c\u0103 majorarea salariului minim este esen\u021bial\u0103 \u201epentru echilibrarea st\u0103rii sociale\u201d \u0219i a criticat cre\u0219terea TVA decis\u0103 de premierul Bolojan, pe care o consider\u0103 un factor major al infla\u021biei.<\/p>\n<p>\u201eInfla\u021bia umflat\u0103 de cre\u0219terea TVA i-a lovit puternic pe cei cu venituri mici. Se m\u0103resc decalajele sociale, tinerii pleac\u0103 din \u021bar\u0103, scade consumul, bloc\u0103m economia \u0219i trecem \u00een recesiune. Nu este bine, domnule Bolojan!\u201d, a spus Bud\u0103i.<\/p>\n<p>El a acuzat actuala guvernare c\u0103 ia decizii \u201e\u00een cheie electoral\u0103\u201d, \u00een favoarea \u201eelectoratului de dreapta\u201d, \u0219i a avertizat c\u0103 PSD nu poate accepta o politic\u0103 ce ignor\u0103 propriul electorat: \u201eAceast\u0103 guvernare trebuie s\u0103 respecte electoratul PSD! F\u0103r\u0103 voturile acestor aleg\u0103tori, domnule Bolojan, nu a\u021bi fi fost ast\u0103zi prim-ministru!\u201d, a conchis fostul ministru al Muncii.<\/p>","protected":false},"excerpt":{"rendered":"<p>\u201eV\u0103d c\u0103 se tot vorbe\u0219te de un act normativ care s\u0103 \u00eenghe\u021be salariul minim. \u00cen&hellip;<\/p>\n","protected":false},"author":0,"featured_media":50781,"comment_status":"open","ping_status":"open","sticky":false,"template":"","format":"standard","meta":{"footnotes":""},"categories":[2],"tags":[],"class_list":["post-50786","post","type-post","status-publish","format-standard","has-post-thumbnail","hentry","category-actual"],"_links":{"self":[{"href":"https:\/\/247stiri.ro\/index.php\/wp-json\/wp\/v2\/posts\/50786","targetHints":{"allow":["GET"]}}],"collection":[{"href":"https:\/\/247stiri.ro\/index.php\/wp-json\/wp\/v2\/posts"}],"about":[{"href":"https:\/\/247stiri.ro\/index.php\/wp-json\/wp\/v2\/types\/post"}],"replies":[{"embeddable":true,"href":"https:\/\/247stiri.ro\/index.php\/wp-json\/wp\/v2\/comments?post=50786"}],"version-history":[{"count":0,"href":"https:\/\/247stiri.ro\/index.php\/wp-json\/wp\/v2\/posts\/50786\/revisions"}],"wp:featuredmedia":[{"embeddable":true,"href":"https:\/\/247stiri.ro\/index.php\/wp-json\/wp\/v2\/media\/50781"}],"wp:attachment":[{"href":"https:\/\/247stiri.ro\/index.php\/wp-json\/wp\/v2\/media?parent=50786"}],"wp:term":[{"taxonomy":"category","embeddable":true,"href":"https:\/\/247stiri.ro\/index.php\/wp-json\/wp\/v2\/categories?post=50786"},{"taxonomy":"post_tag","embeddable":true,"href":"https:\/\/247stiri.ro\/index.php\/wp-json\/wp\/v2\/tags?post=50786"}],"curies":[{"name":"wp","href":"https:\/\/api.w.org\/{rel}","templated":true}]}}