{"id":50807,"date":"2025-12-09T15:46:05","date_gmt":"2025-12-09T15:46:05","guid":{"rendered":"https:\/\/247stiri.ro\/index.php\/2025\/12\/09\/ministrul-educatiei-despre-accesul-copiilor-la-retelele-sociale-un-control-parental-mai-puternic-ar-fi-calea-de-mijloc\/"},"modified":"2025-12-09T15:46:05","modified_gmt":"2025-12-09T15:46:05","slug":"ministrul-educatiei-despre-accesul-copiilor-la-retelele-sociale-un-control-parental-mai-puternic-ar-fi-calea-de-mijloc","status":"publish","type":"post","link":"https:\/\/247stiri.ro\/index.php\/2025\/12\/09\/ministrul-educatiei-despre-accesul-copiilor-la-retelele-sociale-un-control-parental-mai-puternic-ar-fi-calea-de-mijloc\/","title":{"rendered":"Ministrul Educa\u021biei, despre accesul copiilor la re\u021belele sociale: \u201dUn control parental mai puternic ar fi calea de mijloc\u201d"},"content":{"rendered":"<p>\u00cen ceea ce prive\u0219te o eventual\u0103 m\u0103sur\u0103 pentru interzicerea accesului copiilor p\u00e2n\u0103 \u00een 16 ani la TikTok, ministrul a spus: \u201d\u0218tiu c\u0103 s-a luat \u00een Australia, dar nici acolo nu sunt \u00eenc\u0103 sanc\u021biuni, este o interdic\u021bie. Se poate discuta \u0219i \u00een Rom\u00e2nia\u201d.<\/p>\n<p>\u201dAtitudinea mea este mai degrab\u0103 s\u0103 avem un control parental foarte serios pentru aceste lucruri, mai ales \u00een zona adolescen\u021bei.\u00a0<\/p>\n<p>Teama mea este c\u0103 dac\u0103 vei interzice diverse lucruri, s-ar putea s\u0103 creezi mecanisme prin care adolescen\u021bii vor \u00eencerca s\u0103 evite interdic\u021bia \u0219i oricum vor fi acolo f\u0103r\u0103 s\u0103 controleze ce se \u00eent\u00e2mpl\u0103.\u00a0<\/p>\n<p>Un control parental mai puternic cred c\u0103 ar fi calea de mijloc bun\u0103, dar, repet, trebuie \u00eenceput\u0103 o discu\u021bie \u0219i \u00een \u021bar\u0103 \u0219i sunt solu\u021bii diferite\u201d, a spus <a href=\"https:\/\/www.realitatea.net\/stiri\/educatie\/noi-reguli-pentru-temele-elevilor-ministrul-educatiei-a-semnat-ordinul-care-limiteaza-timpul-alocat-si-interzice-temele-obligatorii-in-vacante_69330ce0cc5cb020ca03d1c2\" target=\"_blank\">Daniel David<\/a>, la Parlament.<\/p>","protected":false},"excerpt":{"rendered":"<p>\u00cen ceea ce prive\u0219te o eventual\u0103 m\u0103sur\u0103 pentru interzicerea accesului copiilor p\u00e2n\u0103 \u00een 16 ani&hellip;<\/p>\n","protected":false},"author":0,"featured_media":50808,"comment_status":"open","ping_status":"open","sticky":false,"template":"","format":"standard","meta":{"footnotes":""},"categories":[2],"tags":[],"class_list":["post-50807","post","type-post","status-publish","format-standard","has-post-thumbnail","hentry","category-actual"],"_links":{"self":[{"href":"https:\/\/247stiri.ro\/index.php\/wp-json\/wp\/v2\/posts\/50807","targetHints":{"allow":["GET"]}}],"collection":[{"href":"https:\/\/247stiri.ro\/index.php\/wp-json\/wp\/v2\/posts"}],"about":[{"href":"https:\/\/247stiri.ro\/index.php\/wp-json\/wp\/v2\/types\/post"}],"replies":[{"embeddable":true,"href":"https:\/\/247stiri.ro\/index.php\/wp-json\/wp\/v2\/comments?post=50807"}],"version-history":[{"count":0,"href":"https:\/\/247stiri.ro\/index.php\/wp-json\/wp\/v2\/posts\/50807\/revisions"}],"wp:featuredmedia":[{"embeddable":true,"href":"https:\/\/247stiri.ro\/index.php\/wp-json\/wp\/v2\/media\/50808"}],"wp:attachment":[{"href":"https:\/\/247stiri.ro\/index.php\/wp-json\/wp\/v2\/media?parent=50807"}],"wp:term":[{"taxonomy":"category","embeddable":true,"href":"https:\/\/247stiri.ro\/index.php\/wp-json\/wp\/v2\/categories?post=50807"},{"taxonomy":"post_tag","embeddable":true,"href":"https:\/\/247stiri.ro\/index.php\/wp-json\/wp\/v2\/tags?post=50807"}],"curies":[{"name":"wp","href":"https:\/\/api.w.org\/{rel}","templated":true}]}}