{"id":50809,"date":"2025-12-09T15:46:06","date_gmt":"2025-12-09T15:46:06","guid":{"rendered":"https:\/\/247stiri.ro\/index.php\/2025\/12\/09\/un-nou-dosar-pentru-stegarul-dac-acuzatii-de-ultraj-cezar-avramuta-poate-sa-ajunga-iar-in-spatele-gratiilor\/"},"modified":"2025-12-09T15:46:06","modified_gmt":"2025-12-09T15:46:06","slug":"un-nou-dosar-pentru-stegarul-dac-acuzatii-de-ultraj-cezar-avramuta-poate-sa-ajunga-iar-in-spatele-gratiilor","status":"publish","type":"post","link":"https:\/\/247stiri.ro\/index.php\/2025\/12\/09\/un-nou-dosar-pentru-stegarul-dac-acuzatii-de-ultraj-cezar-avramuta-poate-sa-ajunga-iar-in-spatele-gratiilor\/","title":{"rendered":"Un nou dosar pentru Stegarul dac, acuza\u021bii de ultraj. Cezar Avr\u0103mu\u021b\u0103 poate s\u0103 ajung\u0103 iar \u00een spatele gratiilor"},"content":{"rendered":"<p>\u201dLa data de 09 decembrie a.c., poli\u021bi\u0219ti din cadrul Poli\u021biei Ora\u0219ului Buftea au \u00eentocmit dosar penal, sub aspectul s\u0103v\u00e2r\u0219irii infrac\u021biunii de ultraj, acesta fiind \u00eenaintat c\u0103tre Parchetul de pe l\u00e2ng\u0103 Judec\u0103toria Buftea, afl\u00e2ndu-se \u00een instrumentarea procurorului care continu\u0103 cercet\u0103rile.<\/p>\n<p>Pe linie de supravegheri judiciare s-a procedat cu celeritate la informarea Sec\u021biei 13 Poli\u021bie Bucure\u0219ti cu privire la \u00eenc\u0103lcarea m\u0103surilor dispuse de c\u0103tre Judec\u0103toria Sectorului 4-Bucure\u0219ti prin \u00eencheierea din data de 13 noiembrie a.c., de \u00eenlocuire a m\u0103surii arestului preventiv cu m\u0103sura controlului judiciar pentru o perioada de 60 de zile. Printre obliga\u021biile dispuse, acestuia i-a fost interzis\u0103 participarea la adun\u0103ri publice\u201d, a transmis IPJ Ilfov.\u00a0<\/p>\n<p><a href=\"https:\/\/www.realitatea.net\/stiri\/actual\/stegarul-dac-saltat-de-politisti-si-jandamri-si-bagat-in-masina-de-politie-imagini-halucinante-video_6937dee19e10be005a511122\" target=\"_blank\">Cezar Avramu\u021b\u0103, <\/a>cunoscut \u00een mediul online drept &#8222;Stegarul dac&#8221; a fost ridicat, mar\u021bi, de jandarmi \u0219i urcat \u00een ma\u0219ina de poli\u021bie, \u00een timp ce se afla \u00een fa\u021ba Sec\u021biei de Poli\u021bie Buftea, al\u0103turi de zeci de sus\u021bin\u0103tori ai lui C\u0103lin Georgescu.<\/p>\n<p>Acesta se afla sub m\u0103sura controlului judiciar pentru 60 de zile \u0219i avea interdic\u021bie s\u0103 participe la stfel de manifestr\u0103i publice. Prin \u00eenc\u0103lcarea acestei m\u0103suri procurorii pot cere \u00eenlocuirea controlului judiciar cu o m\u0103sur\u0103 mult mai dur\u0103. Astfel Stegarul dac risc\u0103 s\u0103 ajung\u0103 din nou \u00een spatele gratiilor.\u00a0<\/p>","protected":false},"excerpt":{"rendered":"<p>\u201dLa data de 09 decembrie a.c., poli\u021bi\u0219ti din cadrul Poli\u021biei Ora\u0219ului Buftea au \u00eentocmit dosar&hellip;<\/p>\n","protected":false},"author":0,"featured_media":50810,"comment_status":"open","ping_status":"open","sticky":false,"template":"","format":"standard","meta":{"footnotes":""},"categories":[2],"tags":[],"class_list":["post-50809","post","type-post","status-publish","format-standard","has-post-thumbnail","hentry","category-actual"],"_links":{"self":[{"href":"https:\/\/247stiri.ro\/index.php\/wp-json\/wp\/v2\/posts\/50809","targetHints":{"allow":["GET"]}}],"collection":[{"href":"https:\/\/247stiri.ro\/index.php\/wp-json\/wp\/v2\/posts"}],"about":[{"href":"https:\/\/247stiri.ro\/index.php\/wp-json\/wp\/v2\/types\/post"}],"replies":[{"embeddable":true,"href":"https:\/\/247stiri.ro\/index.php\/wp-json\/wp\/v2\/comments?post=50809"}],"version-history":[{"count":0,"href":"https:\/\/247stiri.ro\/index.php\/wp-json\/wp\/v2\/posts\/50809\/revisions"}],"wp:featuredmedia":[{"embeddable":true,"href":"https:\/\/247stiri.ro\/index.php\/wp-json\/wp\/v2\/media\/50810"}],"wp:attachment":[{"href":"https:\/\/247stiri.ro\/index.php\/wp-json\/wp\/v2\/media?parent=50809"}],"wp:term":[{"taxonomy":"category","embeddable":true,"href":"https:\/\/247stiri.ro\/index.php\/wp-json\/wp\/v2\/categories?post=50809"},{"taxonomy":"post_tag","embeddable":true,"href":"https:\/\/247stiri.ro\/index.php\/wp-json\/wp\/v2\/tags?post=50809"}],"curies":[{"name":"wp","href":"https:\/\/api.w.org\/{rel}","templated":true}]}}