{"id":50812,"date":"2025-12-09T15:46:07","date_gmt":"2025-12-09T15:46:07","guid":{"rendered":"https:\/\/247stiri.ro\/index.php\/2025\/12\/09\/alerta-de-gaze-la-un-centru-pentru-copii-cu-dizabilitati-din-zalau-peste-80-de-persoane-au-fost-evacuate\/"},"modified":"2025-12-09T15:46:07","modified_gmt":"2025-12-09T15:46:07","slug":"alerta-de-gaze-la-un-centru-pentru-copii-cu-dizabilitati-din-zalau-peste-80-de-persoane-au-fost-evacuate","status":"publish","type":"post","link":"https:\/\/247stiri.ro\/index.php\/2025\/12\/09\/alerta-de-gaze-la-un-centru-pentru-copii-cu-dizabilitati-din-zalau-peste-80-de-persoane-au-fost-evacuate\/","title":{"rendered":"Alert\u0103 de gaze la un centru pentru copii cu dizabilit\u0103\u021bi din Zal\u0103u: peste 80 de persoane au fost evacuate"},"content":{"rendered":"<p><a href=\"https:\/\/www.realitatea.net\/stiri\/actual\/alerta-pe-valea-oltului-scurgeri-de-gaz-dintro-cisterna-circulatia-oprita-pericol-de-explozie-a-fost-emis-mesaj-roalertvideo_69382ec07b6f8c02c12e8d14\" target=\"_blank\">Mirosul puternic<\/a> a fost identificat \u00een \u00eenc\u0103perea tehnic\u0103 a institu\u021biei, unde se afl\u0103 dou\u0103 centrale termice, iar senzorii instala\u021bi \u00een zon\u0103 s-au declan\u0219at automat.<\/p>\n<p>Evacuare rapid\u0103 a copiilor \u0219i a personalului<\/p>\n<p>\u00cen momentul sosirii echipajelor de interven\u021bie, angaja\u021bii centrului reu\u0219iser\u0103 deja s\u0103 evacueze preventiv to\u021bi copiii \u0219i membrii personalului. \u00cen total, 86 de persoane au p\u0103r\u0103sit cl\u0103direa \u00een siguran\u021b\u0103, f\u0103r\u0103 ca cineva s\u0103 fi suferit intoxica\u021bii sau alte probleme de s\u0103n\u0103tate.<\/p>\n<p>Echipajele Deta\u0219amentului de Pompieri Zal\u0103u au verificat zona \u0219i au implementat m\u0103suri de prevenire a unui eventual incendiu, \u00een timp ce o echip\u0103 a distribuitorului de gaze a oprit alimentarea cu gaz a imobilului pentru a elimina orice risc.<\/p>\n<p>Inspectoratul pentru Situa\u021bii de Urgen\u021b\u0103 S\u0103laj a precizat c\u0103 o firm\u0103 autorizat\u0103 se afl\u0103 deja la fa\u021ba locului pentru a identifica \u0219i remedia defec\u021biunea care a dus la declan\u0219area alarmelor.<\/p>\n<p>Autorit\u0103\u021bile au anun\u021bat c\u0103 nu exist\u0103 pericole imediate pentru copii sau personal \u0219i c\u0103 activitatea centrului va putea fi reluat\u0103 dup\u0103 ce speciali\u0219tii vor confirma <a href=\"https:\/\/www.realitatea.net\/stiri\/actual\/explozie-provocata-de-o-butelie-intrun-bloc-din-iasi-un-barbat-a-suferit-arsuri_693515b338a01042c73248e1\" target=\"_blank\">siguran\u021ba instala\u021biilor.<\/a><\/p>","protected":false},"excerpt":{"rendered":"<p>Mirosul puternic a fost identificat \u00een \u00eenc\u0103perea tehnic\u0103 a institu\u021biei, unde se afl\u0103 dou\u0103 centrale&hellip;<\/p>\n","protected":false},"author":0,"featured_media":50813,"comment_status":"open","ping_status":"open","sticky":false,"template":"","format":"standard","meta":{"footnotes":""},"categories":[2],"tags":[],"class_list":["post-50812","post","type-post","status-publish","format-standard","has-post-thumbnail","hentry","category-actual"],"_links":{"self":[{"href":"https:\/\/247stiri.ro\/index.php\/wp-json\/wp\/v2\/posts\/50812","targetHints":{"allow":["GET"]}}],"collection":[{"href":"https:\/\/247stiri.ro\/index.php\/wp-json\/wp\/v2\/posts"}],"about":[{"href":"https:\/\/247stiri.ro\/index.php\/wp-json\/wp\/v2\/types\/post"}],"replies":[{"embeddable":true,"href":"https:\/\/247stiri.ro\/index.php\/wp-json\/wp\/v2\/comments?post=50812"}],"version-history":[{"count":0,"href":"https:\/\/247stiri.ro\/index.php\/wp-json\/wp\/v2\/posts\/50812\/revisions"}],"wp:featuredmedia":[{"embeddable":true,"href":"https:\/\/247stiri.ro\/index.php\/wp-json\/wp\/v2\/media\/50813"}],"wp:attachment":[{"href":"https:\/\/247stiri.ro\/index.php\/wp-json\/wp\/v2\/media?parent=50812"}],"wp:term":[{"taxonomy":"category","embeddable":true,"href":"https:\/\/247stiri.ro\/index.php\/wp-json\/wp\/v2\/categories?post=50812"},{"taxonomy":"post_tag","embeddable":true,"href":"https:\/\/247stiri.ro\/index.php\/wp-json\/wp\/v2\/tags?post=50812"}],"curies":[{"name":"wp","href":"https:\/\/api.w.org\/{rel}","templated":true}]}}