{"id":50814,"date":"2025-12-09T15:46:08","date_gmt":"2025-12-09T15:46:08","guid":{"rendered":"https:\/\/247stiri.ro\/index.php\/2025\/12\/09\/barbat-din-bucuresti-retinut-dupa-ce-si-a-aruncat-pisica-de-la-etaj-care-este-starea-bietului-animal\/"},"modified":"2025-12-09T15:46:08","modified_gmt":"2025-12-09T15:46:08","slug":"barbat-din-bucuresti-retinut-dupa-ce-si-a-aruncat-pisica-de-la-etaj-care-este-starea-bietului-animal","status":"publish","type":"post","link":"https:\/\/247stiri.ro\/index.php\/2025\/12\/09\/barbat-din-bucuresti-retinut-dupa-ce-si-a-aruncat-pisica-de-la-etaj-care-este-starea-bietului-animal\/","title":{"rendered":"B\u0103rbat din Bucure\u0219ti re\u021binut dup\u0103 ce \u0219i-a aruncat pisica de la etaj. Care este starea bietului animal"},"content":{"rendered":"<p>Poli\u0163ia Rom\u00e2n\u0103 a informat c\u0103 la data de 7 decembrie 2025 poli\u0163i\u015fti din cadrul Direc\u0163iei Generale de Poli\u0163ie a Municipiului Bucure\u015fti &#8211; Serviciul pentru Protec\u0163ia Animalelor au re\u0163inut un b\u0103rbat \u00eentr-un dosar penal \u00een care se efectueaz\u0103 cercet\u0103ri sub aspectul s\u0103v\u00e2r\u015firii infrac\u0163iunii de <a href=\"https:\/\/www.realitatea.net\/stiri\/actual\/barbat-din-constanta-retinut-dupa-ce-a-omorat-o-pisica-ce-a-facut-cu-cadavrul-bietului-animal_691e1da1c8634209ad5b4352\" target=\"_blank\">r\u0103nirea <\/a>cu inten\u0163ie a animalelor.<\/p>\n<p>\u00cen fapt, \u00een aceea\u015fi zi, poli\u0163i\u015ftii Serviciului pentru Protec\u0163ia Animalelor au fost sesiza\u0163i, prin apel 112, de c\u0103tre o persoan\u0103, cu privire la faptul c\u0103, la o adres\u0103 din Sectorul 2, o pisic\u0103 ar fi fost aruncat\u0103 de la un etaj superior \u015fi s-ar afla pe carosabil.<\/p>\n<p>La fa\u0163a locului s-au deplasat poli\u0163i\u015fti din cadrul structurii, care, \u00eempreun\u0103 cu poli\u0163i\u015fti din cadrul Sec\u0163iei 7 Poli\u0163ie, au \u00eenceput cercet\u0103rile \u015fi l-au identificat pe presupusul agresor ar pisicii.<\/p>\n<p>Pentru c\u0103 pisica era grav r\u0103nit\u0103, poli\u0163i\u015ftii Serviciului pentru Protec\u0163ia Animalelor au dus-o la o clinic\u0103 veterinar\u0103 a unei asocia\u0163ii de profil pentru a-i salva via\u0163a.<\/p>\n<p>Conform raportului \u00eentocmit de medicii veterinari, animalul era \u00een \u015foc traumatic \u015fi \u0163oc hipotermic, avea leziuni hemoragice la gur\u0103, precum \u015fi o eventra\u0163ie la nivelul \u00a0flancului abdominal drept.<\/p>\n<p>\u00cen baza probelor administrate, poli\u0163i\u015ftii Serviciului pentru Protec\u0163ia Animalelor au dispus \u00eenceperea urm\u0103ririi penale fa\u0163\u0103 de b\u0103rbat, pentru r\u0103nirea cu inten\u0163ie a animalelor, sub supravegherea Parchetului de pe l\u00e2ng\u0103 Judec\u0103toria Sectorului 2.<\/p>\n<p>Suspectul a fost re\u0163ineut pentru 24 de ore, iar mar\u0163i magistra\u0163ii au dispus m\u0103sura controlului judiciar pentru 60 de zile.<\/p>\n<p>\u00cen acest caz cercet\u0103rile sunt continuate de c\u0103tre Serviciul pentru Protec\u0163ia Animalelor din cadrul DGPMB, sub supravegherea Parchetului de pe l\u00e2ng\u0103 Judec\u0103toria Sectorului 2.<\/p>\n<p>Poli\u0163i\u015ftii reamintesc c\u0103 orice form\u0103 de violen\u0163\u0103 asupra animalelor constituie fapt\u0103 sanc\u0163ionat\u0103 de lege, iar Poli\u0163ia ac\u0163ioneaz\u0103 cu fermitate \u00een astfel de situa\u0163ii pentru protejarea animalelor \u015fi pentru descurajarea comportamentelor abuzive.<\/p>\n<p>De asemenea, poli\u0163i\u015ftii recomand\u0103 tuturor cet\u0103\u0163enilor s\u0103 manifeste grij\u0103 \u015fi respect fa\u0163\u0103 de animale, fiin\u0163e sensibile \u015fi protejate prin lege, \u015fi s\u0103 nu tolereze abuzul sau cruzimea fa\u0163\u0103 de acestea. Cet\u0103\u0163enii sunt \u00eendruma\u0163i s\u0103 sesizeze prompt orice form\u0103 de abuz sau cruzime fa\u0163\u0103 de animale, apel\u00e2nd num\u0103rul unic de urgen\u0163\u0103 112.<\/p>","protected":false},"excerpt":{"rendered":"<p>Poli\u0163ia Rom\u00e2n\u0103 a informat c\u0103 la data de 7 decembrie 2025 poli\u0163i\u015fti din cadrul Direc\u0163iei&hellip;<\/p>\n","protected":false},"author":0,"featured_media":50815,"comment_status":"open","ping_status":"open","sticky":false,"template":"","format":"standard","meta":{"footnotes":""},"categories":[2],"tags":[],"class_list":["post-50814","post","type-post","status-publish","format-standard","has-post-thumbnail","hentry","category-actual"],"_links":{"self":[{"href":"https:\/\/247stiri.ro\/index.php\/wp-json\/wp\/v2\/posts\/50814","targetHints":{"allow":["GET"]}}],"collection":[{"href":"https:\/\/247stiri.ro\/index.php\/wp-json\/wp\/v2\/posts"}],"about":[{"href":"https:\/\/247stiri.ro\/index.php\/wp-json\/wp\/v2\/types\/post"}],"replies":[{"embeddable":true,"href":"https:\/\/247stiri.ro\/index.php\/wp-json\/wp\/v2\/comments?post=50814"}],"version-history":[{"count":0,"href":"https:\/\/247stiri.ro\/index.php\/wp-json\/wp\/v2\/posts\/50814\/revisions"}],"wp:featuredmedia":[{"embeddable":true,"href":"https:\/\/247stiri.ro\/index.php\/wp-json\/wp\/v2\/media\/50815"}],"wp:attachment":[{"href":"https:\/\/247stiri.ro\/index.php\/wp-json\/wp\/v2\/media?parent=50814"}],"wp:term":[{"taxonomy":"category","embeddable":true,"href":"https:\/\/247stiri.ro\/index.php\/wp-json\/wp\/v2\/categories?post=50814"},{"taxonomy":"post_tag","embeddable":true,"href":"https:\/\/247stiri.ro\/index.php\/wp-json\/wp\/v2\/tags?post=50814"}],"curies":[{"name":"wp","href":"https:\/\/api.w.org\/{rel}","templated":true}]}}