{"id":50864,"date":"2025-12-09T19:44:49","date_gmt":"2025-12-09T19:44:49","guid":{"rendered":"https:\/\/247stiri.ro\/index.php\/2025\/12\/09\/nicusor-dan-il-invata-romana-pe-macron-traiasca-prietenia-dintre-romania-si-franta-video\/"},"modified":"2025-12-09T19:44:49","modified_gmt":"2025-12-09T19:44:49","slug":"nicusor-dan-il-invata-romana-pe-macron-traiasca-prietenia-dintre-romania-si-franta-video","status":"publish","type":"post","link":"https:\/\/247stiri.ro\/index.php\/2025\/12\/09\/nicusor-dan-il-invata-romana-pe-macron-traiasca-prietenia-dintre-romania-si-franta-video\/","title":{"rendered":"Nicu\u0219or Dan \u00eel \u00eenva\u021b\u0103 rom\u00e2n\u0103 pe Macron: \u201dTr\u0103iasc\u0103 prietenia dintre Rom\u00e2nia \u0219i Fran\u021ba\u201d -VIDEO"},"content":{"rendered":"<p>\u201dFoarte fericit s\u0103 \u00eel primesc pe pre\u0219edinte \u00een prima sa vizit\u0103 \u00een calitate de pre\u0219edinte \u00een Fran\u021ba, chiar dac\u0103 cunoa\u0219te bine \u021bara noastr\u0103! Bine ai venit!\u201d, a spus Emmanuel Macron.\u00a0<\/p>\n<p>La r\u00e2ndul s\u0103u, Nicu\u0219or Dan i-a mul\u021bumit, \u00een limba francez\u0103, omologului s\u0103u pentru invita\u021bie \u0219i a vorbit despre parteneriatul rom\u00e2no-francez.\u00a0<\/p>\n<p>\u201dMul\u021bumesc Emmanuel pentru invita\u021bie. Cred c\u0103 avem un parteneriat solid \u0219i c\u0103 exist\u0103 spa\u021biu pentru a-l consolida \u00een domeniul securit\u0103\u021bii, economiei \u0219i schimburilor culturale\u201d, a spus Nicu\u0219or Dan.\u00a0<\/p>\n<p>Liderul de la \u00c9lys\u00e9e a subliniat c\u0103 \u201ddespre toate acestea vom discuta ast\u0103zi. Am realizat multe \u00eempreun\u0103 \u00een ultimele luni pentru rela\u021bia noastr\u0103 bilateral\u0103, pentru Europa noastr\u0103 pentru Ucraina.\u00a0<\/p>\n<p>\u00cei salut pe to\u021bi prietenii no\u0219tri rom\u00e2ni din Rom\u00e2nia, dar \u0219i din Fran\u021ba. Tr\u0103iasc\u0103 prietenia dintre Rom\u00e2nia \u0219i Fran\u021ba\u201d.\u00a0<\/p>\n<p>Imediat pre\u0219edintele Rom\u00e2niei a spus \u00een limba rom\u00e2n\u0103: Tr\u0103iasc\u0103 prietenia dintre Rom\u00e2nia \u0219i Fran\u021ba!Emmanuel Macron: Voi \u00eencerca \u0219i eu.\u00a0<\/p>\n<p>Vezi mai jos momentul \u00een care pre\u0219edintele Fran\u021bei \u00eenva\u021b\u0103 de la Nicu\u0219or Dan limba rom\u00e2n\u0103:\u00a0<\/p>","protected":false},"excerpt":{"rendered":"<p>\u201dFoarte fericit s\u0103 \u00eel primesc pe pre\u0219edinte \u00een prima sa vizit\u0103 \u00een calitate de pre\u0219edinte&hellip;<\/p>\n","protected":false},"author":0,"featured_media":50861,"comment_status":"open","ping_status":"open","sticky":false,"template":"","format":"standard","meta":{"footnotes":""},"categories":[2],"tags":[],"class_list":["post-50864","post","type-post","status-publish","format-standard","has-post-thumbnail","hentry","category-actual"],"_links":{"self":[{"href":"https:\/\/247stiri.ro\/index.php\/wp-json\/wp\/v2\/posts\/50864","targetHints":{"allow":["GET"]}}],"collection":[{"href":"https:\/\/247stiri.ro\/index.php\/wp-json\/wp\/v2\/posts"}],"about":[{"href":"https:\/\/247stiri.ro\/index.php\/wp-json\/wp\/v2\/types\/post"}],"replies":[{"embeddable":true,"href":"https:\/\/247stiri.ro\/index.php\/wp-json\/wp\/v2\/comments?post=50864"}],"version-history":[{"count":0,"href":"https:\/\/247stiri.ro\/index.php\/wp-json\/wp\/v2\/posts\/50864\/revisions"}],"wp:featuredmedia":[{"embeddable":true,"href":"https:\/\/247stiri.ro\/index.php\/wp-json\/wp\/v2\/media\/50861"}],"wp:attachment":[{"href":"https:\/\/247stiri.ro\/index.php\/wp-json\/wp\/v2\/media?parent=50864"}],"wp:term":[{"taxonomy":"category","embeddable":true,"href":"https:\/\/247stiri.ro\/index.php\/wp-json\/wp\/v2\/categories?post=50864"},{"taxonomy":"post_tag","embeddable":true,"href":"https:\/\/247stiri.ro\/index.php\/wp-json\/wp\/v2\/tags?post=50864"}],"curies":[{"name":"wp","href":"https:\/\/api.w.org\/{rel}","templated":true}]}}