{"id":50898,"date":"2025-12-10T05:45:11","date_gmt":"2025-12-10T05:45:11","guid":{"rendered":"https:\/\/247stiri.ro\/index.php\/2025\/12\/10\/anca-alexandrescu-despre-atacurile-din-campania-pentru-capitala-am-avut-zile-grele-dar-le-am-dus\/"},"modified":"2025-12-10T05:45:11","modified_gmt":"2025-12-10T05:45:11","slug":"anca-alexandrescu-despre-atacurile-din-campania-pentru-capitala-am-avut-zile-grele-dar-le-am-dus","status":"publish","type":"post","link":"https:\/\/247stiri.ro\/index.php\/2025\/12\/10\/anca-alexandrescu-despre-atacurile-din-campania-pentru-capitala-am-avut-zile-grele-dar-le-am-dus\/","title":{"rendered":"Anca Alexandrescu, despre atacurile din campania pentru Capital\u0103: &#8222;Am avut zile grele, dar le-am dus&#8221;"},"content":{"rendered":"<p>&#8222;Am \u00eenghi\u021bit foarte multe lucruri \u00een aceast\u0103 campanie, dar le-am dus.\u00a0<\/p>\n<p>Am avut ni\u0219te zile grele. Am v\u0103zut ni\u0219te, a\u0219a zi\u0219i, b\u0103rba\u021bi, care m-au f\u0103cut \u00een fel \u0219i clip. C\u0103 sunt str\u00e2mb\u0103, c\u0103 sunt ur\u00e2t\u0103, c\u0103 ar\u0103tam terminat\u0103 \u00een campanie electoral\u0103. N-am candidat la MISS. Nici nu mi-am propus vreodat\u0103.\u00a0<\/p>\n<p>Nu po\u021bi s\u0103 interac\u021bionezi cu adev\u0103rul, cu durerea, cu problemele oamenilor s\u0103 nu fii afectat. \u0102sta este motivul pentru care, \u00eentr-adev\u0103r, la un moment dat, poate c\u0103 p\u0103rea c\u0103 sunt epuizat\u0103.<\/p>\n<p>C\u00e2nd a \u00eenceput campania electoral\u0103, au spus c\u0103 am s\u0103 m\u0103 fac de r\u00e2s, c\u0103 n-am s\u0103 iau nici m\u0103car 5%, c\u0103 voi fi umilit\u0103.\u00a0<\/p>\n<p>Noi suntem pleava. Sunt m\u00e2ndr\u0103 c\u0103 sunt pleava societ\u0103\u021bii.<\/p>\n<p>Am \u00eent\u00e2lnit mii de oameni \u00een aceste zile \u00een strad\u0103. \u0218i nu pot s\u0103 stau deoparte. Nu pot s\u0103 stau departe.\u00a0<\/p>\n<p>Le este fric\u0103 de voi, cet\u0103\u021benii rom\u00e2ni. Crede\u021bi-m\u0103. Sunt \u00eengrozi\u021bi. De asta s-au \u0219i unit to\u021bi \u00eempotriva mea. De asta m-au denigrat, mi-au jignit familia, tat\u0103l mort, p\u00e2n\u0103 \u0219i pe fratele meu cu handicap grav. Nu i-a oprit nimic, pentru c\u0103 setea de putere, banii, mafia din care fac parte, le-a luat min\u021bile&#8221;, a declarat, mar\u021bi seara, Anca Alexandrescu.<\/p>","protected":false},"excerpt":{"rendered":"<p>&#8222;Am \u00eenghi\u021bit foarte multe lucruri \u00een aceast\u0103 campanie, dar le-am dus.\u00a0 Am avut ni\u0219te zile&hellip;<\/p>\n","protected":false},"author":0,"featured_media":50899,"comment_status":"open","ping_status":"open","sticky":false,"template":"","format":"standard","meta":{"footnotes":""},"categories":[3],"tags":[],"class_list":["post-50898","post","type-post","status-publish","format-standard","has-post-thumbnail","hentry","category-politica"],"_links":{"self":[{"href":"https:\/\/247stiri.ro\/index.php\/wp-json\/wp\/v2\/posts\/50898","targetHints":{"allow":["GET"]}}],"collection":[{"href":"https:\/\/247stiri.ro\/index.php\/wp-json\/wp\/v2\/posts"}],"about":[{"href":"https:\/\/247stiri.ro\/index.php\/wp-json\/wp\/v2\/types\/post"}],"replies":[{"embeddable":true,"href":"https:\/\/247stiri.ro\/index.php\/wp-json\/wp\/v2\/comments?post=50898"}],"version-history":[{"count":0,"href":"https:\/\/247stiri.ro\/index.php\/wp-json\/wp\/v2\/posts\/50898\/revisions"}],"wp:featuredmedia":[{"embeddable":true,"href":"https:\/\/247stiri.ro\/index.php\/wp-json\/wp\/v2\/media\/50899"}],"wp:attachment":[{"href":"https:\/\/247stiri.ro\/index.php\/wp-json\/wp\/v2\/media?parent=50898"}],"wp:term":[{"taxonomy":"category","embeddable":true,"href":"https:\/\/247stiri.ro\/index.php\/wp-json\/wp\/v2\/categories?post=50898"},{"taxonomy":"post_tag","embeddable":true,"href":"https:\/\/247stiri.ro\/index.php\/wp-json\/wp\/v2\/tags?post=50898"}],"curies":[{"name":"wp","href":"https:\/\/api.w.org\/{rel}","templated":true}]}}