{"id":50973,"date":"2025-12-10T09:44:51","date_gmt":"2025-12-10T09:44:51","guid":{"rendered":"https:\/\/247stiri.ro\/index.php\/2025\/12\/10\/tupeul-ministrei-rezist-a-mediului-buzoianu-nu-isi-asuma-criza-apei-din-prahova-si-continua-sa-dea-vina-pe-altii\/"},"modified":"2025-12-10T09:44:51","modified_gmt":"2025-12-10T09:44:51","slug":"tupeul-ministrei-rezist-a-mediului-buzoianu-nu-isi-asuma-criza-apei-din-prahova-si-continua-sa-dea-vina-pe-altii","status":"publish","type":"post","link":"https:\/\/247stiri.ro\/index.php\/2025\/12\/10\/tupeul-ministrei-rezist-a-mediului-buzoianu-nu-isi-asuma-criza-apei-din-prahova-si-continua-sa-dea-vina-pe-altii\/","title":{"rendered":"Tupeul ministrei rezist a Mediului: Buzoianu NU \u00ee\u0219i asum\u0103 criza apei din Prahova \u0219i continu\u0103 s\u0103 dea vina pe al\u021bii"},"content":{"rendered":"<p>Ministrul mediului Diana Buzoianu spune c\u0103 nu va ceda sub nicio form\u0103, respectiv c\u0103 nu-\u0219i va da demisia, indiferent ce presiuni se vor face. Asta, pe de o parte, pentru c\u0103 premierul Ilie Bolojan nu i-a cerut acest lucru. Mai mult dec\u00e2t at\u00e2t, Buzoianu spune c\u0103 PSD \u00eei cere \u00een acest moment demisia din cauza reformelor de la Romsilva.<\/p>\n<p>Este de v\u0103zut care vor fi concluziile, \u0219i asta deoarece este a\u0219teptat raportul preliminar \u00een cazul dezastrului din Prahova, acolo unde peste 100.000 de oameni au stat zile \u00eentregi f\u0103r\u0103 ap\u0103 potabil\u0103.\u00a0<\/p>\n<p>\u00cen timp ce ministrul Mediului spune c\u0103 nu \u00ee\u0219i d\u0103 demisia, aceasta arunc\u0103 vina pe cei care se afl\u0103 \u00een subordinea ministerului.\u00a0<\/p>\n<p>&#8222;Demisia cerut\u0103 de PSD vine fix \u00een s\u0103pt\u0103m\u00e2nile \u00een care trebuie s\u0103 fie negociat\u0103 \u00een coali\u021bie reorganizarea Romsilva. Nu voi fi \u0219antajat\u0103 cu func\u021bia. Nu m-am n\u0103scut ministr\u0103. R\u0103m\u00e2n \u00een aceast\u0103 func\u021bie c\u00e2t mai pot cur\u0103\u021ba din stric\u0103ciunile din ultimii 35 de ani&#8221;, a transmis Buzoianu.\u00a0<\/p>","protected":false},"excerpt":{"rendered":"<p>Ministrul mediului Diana Buzoianu spune c\u0103 nu va ceda sub nicio form\u0103, respectiv c\u0103 nu-\u0219i&hellip;<\/p>\n","protected":false},"author":0,"featured_media":50974,"comment_status":"open","ping_status":"open","sticky":false,"template":"","format":"standard","meta":{"footnotes":""},"categories":[3],"tags":[],"class_list":["post-50973","post","type-post","status-publish","format-standard","has-post-thumbnail","hentry","category-politica"],"_links":{"self":[{"href":"https:\/\/247stiri.ro\/index.php\/wp-json\/wp\/v2\/posts\/50973","targetHints":{"allow":["GET"]}}],"collection":[{"href":"https:\/\/247stiri.ro\/index.php\/wp-json\/wp\/v2\/posts"}],"about":[{"href":"https:\/\/247stiri.ro\/index.php\/wp-json\/wp\/v2\/types\/post"}],"replies":[{"embeddable":true,"href":"https:\/\/247stiri.ro\/index.php\/wp-json\/wp\/v2\/comments?post=50973"}],"version-history":[{"count":0,"href":"https:\/\/247stiri.ro\/index.php\/wp-json\/wp\/v2\/posts\/50973\/revisions"}],"wp:featuredmedia":[{"embeddable":true,"href":"https:\/\/247stiri.ro\/index.php\/wp-json\/wp\/v2\/media\/50974"}],"wp:attachment":[{"href":"https:\/\/247stiri.ro\/index.php\/wp-json\/wp\/v2\/media?parent=50973"}],"wp:term":[{"taxonomy":"category","embeddable":true,"href":"https:\/\/247stiri.ro\/index.php\/wp-json\/wp\/v2\/categories?post=50973"},{"taxonomy":"post_tag","embeddable":true,"href":"https:\/\/247stiri.ro\/index.php\/wp-json\/wp\/v2\/tags?post=50973"}],"curies":[{"name":"wp","href":"https:\/\/api.w.org\/{rel}","templated":true}]}}