{"id":50975,"date":"2025-12-10T09:44:52","date_gmt":"2025-12-10T09:44:52","guid":{"rendered":"https:\/\/247stiri.ro\/index.php\/2025\/12\/10\/ccr-a-decis-impozite-crescute-cu-peste-70-aplicabile-de-la-1-ianuarie-judecatorii-care-au-anulat-alegerile-au-aprobat-majorarea-taxelor\/"},"modified":"2025-12-10T09:44:52","modified_gmt":"2025-12-10T09:44:52","slug":"ccr-a-decis-impozite-crescute-cu-peste-70-aplicabile-de-la-1-ianuarie-judecatorii-care-au-anulat-alegerile-au-aprobat-majorarea-taxelor","status":"publish","type":"post","link":"https:\/\/247stiri.ro\/index.php\/2025\/12\/10\/ccr-a-decis-impozite-crescute-cu-peste-70-aplicabile-de-la-1-ianuarie-judecatorii-care-au-anulat-alegerile-au-aprobat-majorarea-taxelor\/","title":{"rendered":"CCR a decis: impozite crescute cu peste 70%, aplicabile de la 1 ianuarie. Judec\u0103torii care au anulat alegerile au aprobat majorarea taxelor"},"content":{"rendered":"<p>A trecut la CCR proiectul asumat de guvernul Ilie Bolojean \u00een parlament, cel care cre\u0219te impozitele pe proprietate \u00eencep\u00e2nd de anul viitor \u0219i care a fost contestat la Curtea Constitu\u021bional\u0103 de c\u0103tre opozi\u021bie, mai exact de c\u0103tre partidul AUR.<\/p>\n<p>Ei bine, chiar \u00een urm\u0103 cu scurt timp a venit decizia de la Curtea Constitu\u021bional\u0103 \u00een urma deliber\u0103rii magistra\u021bilor. Ace\u0219tia au decis s\u0103 resping\u0103 contesta\u021bia \u0219i deci s\u0103 permit\u0103 ca legea s\u0103 mearg\u0103 mai departe spre promulgare pe masa pre\u0219edintelui.<\/p>\n<p>Asta \u00eenseamn\u0103 c\u0103 odat\u0103 ce va fi semnat\u0103 \u0219i de pre\u0219edintele Nicu\u0219or Dan, ea poate intra \u00een aplicare, iar de anul viitor vom avea taxe mai mari.<\/p>\n<p>Se a\u0219teapt\u0103, c\u00e2t de cur\u00e2nd, decizia din partea magistra\u021bilor \u0219i pe reforma pensiilor speciale \u00een urma contesta\u021biei venite de la \u00eenalt\u0103 curte, iar sursele noastre spun c\u0103 sunt \u0219anse mari ca ast\u0103zi s\u0103 vedem o respingere a acestei reforme.<\/p>","protected":false},"excerpt":{"rendered":"<p>A trecut la CCR proiectul asumat de guvernul Ilie Bolojean \u00een parlament, cel care cre\u0219te&hellip;<\/p>\n","protected":false},"author":0,"featured_media":50972,"comment_status":"open","ping_status":"open","sticky":false,"template":"","format":"standard","meta":{"footnotes":""},"categories":[2],"tags":[],"class_list":["post-50975","post","type-post","status-publish","format-standard","has-post-thumbnail","hentry","category-actual"],"_links":{"self":[{"href":"https:\/\/247stiri.ro\/index.php\/wp-json\/wp\/v2\/posts\/50975","targetHints":{"allow":["GET"]}}],"collection":[{"href":"https:\/\/247stiri.ro\/index.php\/wp-json\/wp\/v2\/posts"}],"about":[{"href":"https:\/\/247stiri.ro\/index.php\/wp-json\/wp\/v2\/types\/post"}],"replies":[{"embeddable":true,"href":"https:\/\/247stiri.ro\/index.php\/wp-json\/wp\/v2\/comments?post=50975"}],"version-history":[{"count":0,"href":"https:\/\/247stiri.ro\/index.php\/wp-json\/wp\/v2\/posts\/50975\/revisions"}],"wp:featuredmedia":[{"embeddable":true,"href":"https:\/\/247stiri.ro\/index.php\/wp-json\/wp\/v2\/media\/50972"}],"wp:attachment":[{"href":"https:\/\/247stiri.ro\/index.php\/wp-json\/wp\/v2\/media?parent=50975"}],"wp:term":[{"taxonomy":"category","embeddable":true,"href":"https:\/\/247stiri.ro\/index.php\/wp-json\/wp\/v2\/categories?post=50975"},{"taxonomy":"post_tag","embeddable":true,"href":"https:\/\/247stiri.ro\/index.php\/wp-json\/wp\/v2\/tags?post=50975"}],"curies":[{"name":"wp","href":"https:\/\/api.w.org\/{rel}","templated":true}]}}