{"id":50990,"date":"2025-12-10T10:46:04","date_gmt":"2025-12-10T10:46:04","guid":{"rendered":"https:\/\/247stiri.ro\/index.php\/2025\/12\/10\/o-noua-zi-o-noua-gafa-cum-s-a-facut-nicusor-dan-de-ras-iar-presedintele-romaniei-nu-stie-in-ce-organizatii-e-tara-lui\/"},"modified":"2025-12-10T10:46:04","modified_gmt":"2025-12-10T10:46:04","slug":"o-noua-zi-o-noua-gafa-cum-s-a-facut-nicusor-dan-de-ras-iar-presedintele-romaniei-nu-stie-in-ce-organizatii-e-tara-lui","status":"publish","type":"post","link":"https:\/\/247stiri.ro\/index.php\/2025\/12\/10\/o-noua-zi-o-noua-gafa-cum-s-a-facut-nicusor-dan-de-ras-iar-presedintele-romaniei-nu-stie-in-ce-organizatii-e-tara-lui\/","title":{"rendered":"O nou\u0103 zi, o nou\u0103 gaf\u0103: cum s-a f\u0103cut Nicu\u0219or Dan de r\u00e2s iar. Pre\u0219edintele Rom\u00e2niei nu \u0219tie \u00een ce organiza\u021bii e \u021bara lui"},"content":{"rendered":"<p>\u00cen cadrul unei conferin\u021be de la Paris, NIcu\u0219or Dan a spus c\u0103 ar fi o adev\u0103rat\u0103 \u00eenfr\u00e2ngere a Rom\u00e2nia s\u0103 nu intre \u00een Organiza\u021bia pentru Securitate \u0219i Cooperare \u00een Europa, c\u00e2nd de fapt a vrut s\u0103 se refere la Organiza\u021bia pentru Cooperare \u0219i Dezvoltare Economic\u0103.<\/p>\n<p>\u201eCu titlu general, cred c\u0103 \u0219i dumneavoatr\u0103, media \u0219i rom\u00e2nii investesc foarte mult\u0103 energie \u00een momentul alegerilor, momente care sunt emo\u021bionale \u0219i mult mai pu\u021bin\u0103 energie \u00een a urm\u0103ri de fapt democra\u021bia.<\/p>\n<p>Democra\u021bia este realizarea mandatului de c\u0103tre ale\u0219i, mandat dat de oameni prin vot \u0219i e mai important mandatul dec\u00e2t votul. Spun\u00e2nd asta, o \u00eenfr\u00e2ngere pentru mine ar \u00eensemna s\u0103 nu ne mai primeasc\u0103 nimeni \u00een Europa sau s\u0103 nu intr\u0103m \u00een OSCE sau fel de fel de lucruri, nicidecum ce se \u00eent\u00e2mpl\u0103 la ni\u0219te alegeri locale \u00een Bucure\u0219ti.\u201d, a declarat Nicu\u0219or Dan.<\/p>","protected":false},"excerpt":{"rendered":"<p>\u00cen cadrul unei conferin\u021be de la Paris, NIcu\u0219or Dan a spus c\u0103 ar fi o&hellip;<\/p>\n","protected":false},"author":0,"featured_media":50984,"comment_status":"open","ping_status":"open","sticky":false,"template":"","format":"standard","meta":{"footnotes":""},"categories":[2],"tags":[],"class_list":["post-50990","post","type-post","status-publish","format-standard","has-post-thumbnail","hentry","category-actual"],"_links":{"self":[{"href":"https:\/\/247stiri.ro\/index.php\/wp-json\/wp\/v2\/posts\/50990","targetHints":{"allow":["GET"]}}],"collection":[{"href":"https:\/\/247stiri.ro\/index.php\/wp-json\/wp\/v2\/posts"}],"about":[{"href":"https:\/\/247stiri.ro\/index.php\/wp-json\/wp\/v2\/types\/post"}],"replies":[{"embeddable":true,"href":"https:\/\/247stiri.ro\/index.php\/wp-json\/wp\/v2\/comments?post=50990"}],"version-history":[{"count":0,"href":"https:\/\/247stiri.ro\/index.php\/wp-json\/wp\/v2\/posts\/50990\/revisions"}],"wp:featuredmedia":[{"embeddable":true,"href":"https:\/\/247stiri.ro\/index.php\/wp-json\/wp\/v2\/media\/50984"}],"wp:attachment":[{"href":"https:\/\/247stiri.ro\/index.php\/wp-json\/wp\/v2\/media?parent=50990"}],"wp:term":[{"taxonomy":"category","embeddable":true,"href":"https:\/\/247stiri.ro\/index.php\/wp-json\/wp\/v2\/categories?post=50990"},{"taxonomy":"post_tag","embeddable":true,"href":"https:\/\/247stiri.ro\/index.php\/wp-json\/wp\/v2\/tags?post=50990"}],"curies":[{"name":"wp","href":"https:\/\/api.w.org\/{rel}","templated":true}]}}