{"id":51045,"date":"2025-12-10T14:47:26","date_gmt":"2025-12-10T14:47:26","guid":{"rendered":"https:\/\/247stiri.ro\/index.php\/2025\/12\/10\/anca-alexandrescu-lanseaza-noi-acuzatii-privind-asaltul-asupra-justitiei-mesaj-ferm-inaintea-editiei-culisele-statului-paralel-tara-ne-este-furata-de-sub\/"},"modified":"2025-12-10T14:47:26","modified_gmt":"2025-12-10T14:47:26","slug":"anca-alexandrescu-lanseaza-noi-acuzatii-privind-asaltul-asupra-justitiei-mesaj-ferm-inaintea-editiei-culisele-statului-paralel-tara-ne-este-furata-de-sub","status":"publish","type":"post","link":"https:\/\/247stiri.ro\/index.php\/2025\/12\/10\/anca-alexandrescu-lanseaza-noi-acuzatii-privind-asaltul-asupra-justitiei-mesaj-ferm-inaintea-editiei-culisele-statului-paralel-tara-ne-este-furata-de-sub\/","title":{"rendered":"Anca Alexandrescu lanseaz\u0103 noi acuza\u021bii privind \u201easaltul asupra justi\u021biei\u201d. Mesaj ferm \u00eenaintea edi\u021biei \u201eCulisele Statului Paralel\u201d: \u201e\u021aara ne este furat\u0103 de sub nas \u00een timp ce dezbinatorii sunt infiltra\u021bi \u00een mi\u0219carea suveranist\u0103!\u201d"},"content":{"rendered":"<p>Ce a transmis Anca Alexandrescu?<\/p>\n<p>Potrivit afirma\u021biilor sale, un a\u0219a-numit documentar despre justi\u021bie ar fi realizat cu sprijinul unor persoane \u201ecare au leg\u0103turi directe cu vechile structuri ale securit\u0103\u021bii\u201d, inclusiv fo\u0219ti ofi\u021beri.<\/p>\n<p>\u201eTara ne este furata de sub nas in timp ce dezbinatorii sunt infiltra\u021bi in mi\u0219carea suveranist\u0103\u00a0pentru a va distrage aten\u021bia! Deschide\u021bi ochii! A\u0219a zisul documentar despre justi\u021bie are in spate securi\u0219ti cu\u00a0acte in regula si chiar fo\u0219ti ofi\u021beri ai Securit\u0103\u021bii! C\u00e2nd eu vorbeam despre statul paralel ei ma ironizau ca nu exista! Si acum vorbesc chiar despre el! De la 21 va explic dedesubturile acestui asalt asupra justi\u021biei care NU are nicio leg\u0103tura cu pensiile speciale! Sistemul vrea sa ne \u00eentoarcem la c\u0103tu\u0219ele din vremea lui Kovesi!\u201d, a declarat <a href=\"https:\/\/www.realitatea.net\/stiri\/politica\/anca-alexandrescu-despre-atacurile-din-campania-pentru-capitala-am-avut-zile-grele-dar-leam-dus_6939066c7a9083194b30a7c6\" target=\"_blank\">Anca Alexandrescu.<\/a><\/p>\n<p><a href=\"https:\/\/www.realitatea.net\/stiri\/actual\/anca-alexandrescu-sa-intors-acasa-la-realitatea-plus-asa-cum-leam-promis-tuturor-celor-cu-care-mam-intalnit-voi-face-dreptate-nu-numai-la-bucuresti-ci-si-in-tara_693886a09516487db91d5f96\" target=\"_blank\">Edi\u021bia din aceast\u0103 sear\u0103<\/a> se anun\u021b\u0103 una tensionat\u0103, moderatoarea declar\u00e2nd c\u0103 va detalia mecanismele prin care, sus\u021bine ea, se \u00eencearc\u0103 influen\u021barea opiniei publice \u0219i manipularea dezbaterii privind reforma justi\u021biei.<\/p>","protected":false},"excerpt":{"rendered":"<p>Ce a transmis Anca Alexandrescu? Potrivit afirma\u021biilor sale, un a\u0219a-numit documentar despre justi\u021bie ar fi&hellip;<\/p>\n","protected":false},"author":0,"featured_media":51046,"comment_status":"open","ping_status":"open","sticky":false,"template":"","format":"standard","meta":{"footnotes":""},"categories":[3],"tags":[],"class_list":["post-51045","post","type-post","status-publish","format-standard","has-post-thumbnail","hentry","category-politica"],"_links":{"self":[{"href":"https:\/\/247stiri.ro\/index.php\/wp-json\/wp\/v2\/posts\/51045","targetHints":{"allow":["GET"]}}],"collection":[{"href":"https:\/\/247stiri.ro\/index.php\/wp-json\/wp\/v2\/posts"}],"about":[{"href":"https:\/\/247stiri.ro\/index.php\/wp-json\/wp\/v2\/types\/post"}],"replies":[{"embeddable":true,"href":"https:\/\/247stiri.ro\/index.php\/wp-json\/wp\/v2\/comments?post=51045"}],"version-history":[{"count":0,"href":"https:\/\/247stiri.ro\/index.php\/wp-json\/wp\/v2\/posts\/51045\/revisions"}],"wp:featuredmedia":[{"embeddable":true,"href":"https:\/\/247stiri.ro\/index.php\/wp-json\/wp\/v2\/media\/51046"}],"wp:attachment":[{"href":"https:\/\/247stiri.ro\/index.php\/wp-json\/wp\/v2\/media?parent=51045"}],"wp:term":[{"taxonomy":"category","embeddable":true,"href":"https:\/\/247stiri.ro\/index.php\/wp-json\/wp\/v2\/categories?post=51045"},{"taxonomy":"post_tag","embeddable":true,"href":"https:\/\/247stiri.ro\/index.php\/wp-json\/wp\/v2\/tags?post=51045"}],"curies":[{"name":"wp","href":"https:\/\/api.w.org\/{rel}","templated":true}]}}