{"id":51049,"date":"2025-12-10T14:47:28","date_gmt":"2025-12-10T14:47:28","guid":{"rendered":"https:\/\/247stiri.ro\/index.php\/2025\/12\/10\/unda-verde-pentru-scumpiri-si-taxe-noi-din-2026-impozitele-locale-si-cele-pe-bursa-cresc-se-introduce-taxa-temu\/"},"modified":"2025-12-10T14:47:28","modified_gmt":"2025-12-10T14:47:28","slug":"unda-verde-pentru-scumpiri-si-taxe-noi-din-2026-impozitele-locale-si-cele-pe-bursa-cresc-se-introduce-taxa-temu","status":"publish","type":"post","link":"https:\/\/247stiri.ro\/index.php\/2025\/12\/10\/unda-verde-pentru-scumpiri-si-taxe-noi-din-2026-impozitele-locale-si-cele-pe-bursa-cresc-se-introduce-taxa-temu\/","title":{"rendered":"Und\u0103 verde pentru scumpiri \u0219i taxe noi din 2026. Impozitele locale \u0219i cele pe burs\u0103 cresc, se introduce \u201etaxa Temu\u201d"},"content":{"rendered":"<p>Curtea Constitu\u021bional\u0103 a Rom\u00e2niei (CCR) a respins miercuri sesizarea depus\u0103 de AUR, declar\u00e2nd astfel constitu\u021bional cel de-al doilea pachet de m\u0103suri fiscale adoptat de Guvernul Bolojan prin asumarea r\u0103spunderii. Decizia final\u0103 deschide calea promulg\u0103rii legii, iar major\u0103rile de taxe \u0219i impozite, precum \u0219i noile obliga\u021bii pentru companii, vor fi aplicate de la 1 ianuarie 2026.<\/p>\n<p>Legea, denumit\u0103 oficial \u201eLegea privind stabilirea unor m\u0103suri de redresare \u0219i eficientizare a resurselor publice\u201d, a avut un parcurs legislativ complex.<\/p>\n<p>Executivul a adoptat m\u0103surile la finalul lunii august 2025 \u0219i le-a trecut prin Parlament pe 1 septembrie, prin asumarea r\u0103spunderii Guvernului Bolojan.<\/p>\n<p>Actul a fost contestat ini\u021bial de AUR, iar dup\u0103 ce CCR a admis par\u021bial sesizarea (doar privind testarea cu poligraf a angaja\u021bilor ANAF), Parlamentul l-a re-adoptat pe 18 noiembrie. AUR a atacat din nou legea, dar prin decizia de miercuri, CCR a respins a doua obiec\u021bie, valid\u00e2nd astfel integral legea. Ministrul Finan\u021belor, Alexandru Nazare, a justificat urgen\u021ba m\u0103surilor, afirm\u00e2nd c\u0103 acestea erau angajamente PNRR am\u00e2nate \u0219i sunt necesare pentru a proteja rom\u00e2nii.<\/p>\n<p>M\u0103surile fiscale care intr\u0103 \u00een vigoare de la 1 ianuarie 2026<\/p>\n<p>Pachetul de m\u0103suri vizeaz\u0103 un impact bugetar de 3,7 miliarde de lei \u0219i include schimb\u0103ri majore. Cre\u0219teri semnificative la impozitul pe cl\u0103diri \u0219i auto.\u00a0Valoarea impozabil\u0103 pentru locuin\u021bele cu utilit\u0103\u021bi cre\u0219te drastic, de la 1.492 lei\/mp la 2.677 lei\/mp (o cre\u0219tere estimat\u0103 la 70-80%). Pentru cl\u0103dirile reziden\u021biale de peste 2,5 milioane de lei se aplic\u0103 o tax\u0103 suplimentar\u0103 de 0,9% pe suma ce dep\u0103\u0219e\u0219te acest prag. Impozitul auto va fi calculat pe principiul \u201epoluatorul pl\u0103te\u0219te\u201d (norma de poluare \u0219i capacitatea cilindric\u0103). Autoturismele electrice vor avea o tax\u0103 fix\u0103 de 40 lei\/an.<\/p>\n<p>Majorarea impozitului pe c\u00e2\u0219tigurile de la burs\u0103. Impozitul pe c\u00e2\u0219tigurile din investi\u021bii \u0219i criptomonede se majoreaz\u0103 de la 10% la 16%. Proiectul prevede \u0219i eliminarea impozitului minim pe cifra de afaceri \u00eencep\u00e2nd cu anul fiscal 2026.<\/p>\n<p>Se introduce \u201eTaxa Temu\u201d (Taxa Logistic\u0103)<\/p>\n<p>Introducerea \u201eTaxei Temu\u201d (Taxa Logistic\u0103). Se introduce o tax\u0103 logistic\u0103 de 25 de lei pentru fiecare colet cu valoare sub 150 de euro, expediat din afara Uniunii Europene. Obliga\u021bia de plat\u0103 revine furnizorului sau entit\u0103\u021bii care faciliteaz\u0103 v\u00e2nzarea prin platformele digitale.<\/p>\n<p>M\u0103suri pentru companii \u0219i SRL-uri:. Toate firmele vor fi obligate s\u0103 de\u021bin\u0103 un cont bancar sau la Trezoreria Statului. SRL-urile vor trebui s\u0103 majoreze capitalul social: minim 500 de lei pentru firmele sub 400.000 lei cifr\u0103 de afaceri \u0219i minim 5.000 lei pentru cele care dep\u0103\u0219esc acest prag (termen de conformare: doi ani).<\/p>\n<p>Cheltuielile cu managementul \u0219i consultan\u021ba pl\u0103tite c\u0103tre firme afiliate din afara Rom\u00e2niei vor fi deductibile doar \u00een limita a 1% din totalul cheltuielilor.<\/p>","protected":false},"excerpt":{"rendered":"<p>Curtea Constitu\u021bional\u0103 a Rom\u00e2niei (CCR) a respins miercuri sesizarea depus\u0103 de AUR, declar\u00e2nd astfel constitu\u021bional&hellip;<\/p>\n","protected":false},"author":0,"featured_media":51044,"comment_status":"open","ping_status":"open","sticky":false,"template":"","format":"standard","meta":{"footnotes":""},"categories":[2],"tags":[],"class_list":["post-51049","post","type-post","status-publish","format-standard","has-post-thumbnail","hentry","category-actual"],"_links":{"self":[{"href":"https:\/\/247stiri.ro\/index.php\/wp-json\/wp\/v2\/posts\/51049","targetHints":{"allow":["GET"]}}],"collection":[{"href":"https:\/\/247stiri.ro\/index.php\/wp-json\/wp\/v2\/posts"}],"about":[{"href":"https:\/\/247stiri.ro\/index.php\/wp-json\/wp\/v2\/types\/post"}],"replies":[{"embeddable":true,"href":"https:\/\/247stiri.ro\/index.php\/wp-json\/wp\/v2\/comments?post=51049"}],"version-history":[{"count":0,"href":"https:\/\/247stiri.ro\/index.php\/wp-json\/wp\/v2\/posts\/51049\/revisions"}],"wp:featuredmedia":[{"embeddable":true,"href":"https:\/\/247stiri.ro\/index.php\/wp-json\/wp\/v2\/media\/51044"}],"wp:attachment":[{"href":"https:\/\/247stiri.ro\/index.php\/wp-json\/wp\/v2\/media?parent=51049"}],"wp:term":[{"taxonomy":"category","embeddable":true,"href":"https:\/\/247stiri.ro\/index.php\/wp-json\/wp\/v2\/categories?post=51049"},{"taxonomy":"post_tag","embeddable":true,"href":"https:\/\/247stiri.ro\/index.php\/wp-json\/wp\/v2\/tags?post=51049"}],"curies":[{"name":"wp","href":"https:\/\/api.w.org\/{rel}","templated":true}]}}