{"id":51051,"date":"2025-12-10T14:47:29","date_gmt":"2025-12-10T14:47:29","guid":{"rendered":"https:\/\/247stiri.ro\/index.php\/2025\/12\/10\/dezastrul-de-la-praid-starea-de-alerta-a-fost-prelungita-cu-inca-30-de-zile\/"},"modified":"2025-12-10T14:47:29","modified_gmt":"2025-12-10T14:47:29","slug":"dezastrul-de-la-praid-starea-de-alerta-a-fost-prelungita-cu-inca-30-de-zile","status":"publish","type":"post","link":"https:\/\/247stiri.ro\/index.php\/2025\/12\/10\/dezastrul-de-la-praid-starea-de-alerta-a-fost-prelungita-cu-inca-30-de-zile\/","title":{"rendered":"Dezastrul de la Praid. Starea de alert\u0103 a fost prelungit\u0103 cu \u00eenc\u0103 30 de zile"},"content":{"rendered":"<p>Potrivit unei inform\u0103ri a Institu\u021biei Prefectului Harghita, starea de alert\u0103 a fost prelungit\u0103 \u00eencep\u00e2nd de miercuri, 10 decembrie, p\u00e2n\u0103 pe 8 ianuarie 2026, inclusiv.<\/p>\n<p>Comitetul Local pentru Situa\u021bii de Urgen\u021b\u0103 <a href=\"https:\/\/www.realitatea.net\/stiri\/actual\/inundatii-la-salina-praid-autoritatile-prelungesc-starea-de-alerta-pana-pe-9-decembrie-la-ce-trebuie-sa-fie-atenti-oamenii_6911b5428f94170fec1f0371\" target=\"_blank\">Praid<\/a> a dispus, \u00een continuare, mobilizarea tuturor for\u021belor \u0219i mijloacelor necesare pentru executarea lucr\u0103rilor necesare men\u021binerii \u00een siguran\u021b\u0103 a perimetrului minier, interzicerea accesului popula\u021biei \u00een zona afectat\u0103 \u0219i \u00een Canionul de Sare, precum \u0219i acordarea de asisten\u021b\u0103 persoanelor \u0219i gospod\u0103riilor situate \u00een aval de perimetrul afectat, dac\u0103 situa\u021bia o va impune.<\/p>\n<p>Administra\u021bia Bazinal\u0103 de Ap\u0103 Mure\u0219, SALROM &#8211; Salina Praid, CLSU Praid \u0219i Inspectoratul pentru Situa\u021bii de Urgen\u021b\u0103 &#8222;Oltul&#8221; al jude\u021bului Harghita monitorizeaz\u0103 permanent evolu\u021bia fenomenului \u00een perimetrul minier, precum \u0219i parametrii apei din p\u00e2r\u00e2ul Corund \u0219i cursurile de ap\u0103 din aval, se mai arat\u0103 \u00een informarea citat\u0103.<\/p>\n<p>De asemenea, Comitetul Local pentru Situa\u021bii de Urgen\u021b\u0103 Praid a instituit pentru prima dat\u0103 starea de alert\u0103 \u00een comun\u0103 pe 8 mai, atunci c\u00e2nd, din cauza ploilor abundente, au ap\u0103rut infiltra\u021bii \u00een subteran.<\/p>\n<p>Ulterior, dup\u0103 ce salina a fost inundat\u0103 de apele p\u00e2r\u00e2ului Corund la sf\u00e2r\u0219itul lunii mai, starea de alert\u0103 a fost prelungit\u0103 \u00een fiecare lun\u0103.<\/p>","protected":false},"excerpt":{"rendered":"<p>Potrivit unei inform\u0103ri a Institu\u021biei Prefectului Harghita, starea de alert\u0103 a fost prelungit\u0103 \u00eencep\u00e2nd de&hellip;<\/p>\n","protected":false},"author":0,"featured_media":51052,"comment_status":"open","ping_status":"open","sticky":false,"template":"","format":"standard","meta":{"footnotes":""},"categories":[2],"tags":[],"class_list":["post-51051","post","type-post","status-publish","format-standard","has-post-thumbnail","hentry","category-actual"],"_links":{"self":[{"href":"https:\/\/247stiri.ro\/index.php\/wp-json\/wp\/v2\/posts\/51051","targetHints":{"allow":["GET"]}}],"collection":[{"href":"https:\/\/247stiri.ro\/index.php\/wp-json\/wp\/v2\/posts"}],"about":[{"href":"https:\/\/247stiri.ro\/index.php\/wp-json\/wp\/v2\/types\/post"}],"replies":[{"embeddable":true,"href":"https:\/\/247stiri.ro\/index.php\/wp-json\/wp\/v2\/comments?post=51051"}],"version-history":[{"count":0,"href":"https:\/\/247stiri.ro\/index.php\/wp-json\/wp\/v2\/posts\/51051\/revisions"}],"wp:featuredmedia":[{"embeddable":true,"href":"https:\/\/247stiri.ro\/index.php\/wp-json\/wp\/v2\/media\/51052"}],"wp:attachment":[{"href":"https:\/\/247stiri.ro\/index.php\/wp-json\/wp\/v2\/media?parent=51051"}],"wp:term":[{"taxonomy":"category","embeddable":true,"href":"https:\/\/247stiri.ro\/index.php\/wp-json\/wp\/v2\/categories?post=51051"},{"taxonomy":"post_tag","embeddable":true,"href":"https:\/\/247stiri.ro\/index.php\/wp-json\/wp\/v2\/tags?post=51051"}],"curies":[{"name":"wp","href":"https:\/\/api.w.org\/{rel}","templated":true}]}}