{"id":51053,"date":"2025-12-10T14:47:30","date_gmt":"2025-12-10T14:47:30","guid":{"rendered":"https:\/\/247stiri.ro\/index.php\/2025\/12\/10\/senatorul-usr-sorin-sipos-fost-coleg-de-clasa-cu-nicusor-dan-in-carti-pentru-ministerul-apararii\/"},"modified":"2025-12-10T14:47:30","modified_gmt":"2025-12-10T14:47:30","slug":"senatorul-usr-sorin-sipos-fost-coleg-de-clasa-cu-nicusor-dan-in-carti-pentru-ministerul-apararii","status":"publish","type":"post","link":"https:\/\/247stiri.ro\/index.php\/2025\/12\/10\/senatorul-usr-sorin-sipos-fost-coleg-de-clasa-cu-nicusor-dan-in-carti-pentru-ministerul-apararii\/","title":{"rendered":"Senatorul USR Sorin \u0218ipo\u0219, fost coleg de clas\u0103 cu Nicu\u0219or Dan, \u00een c\u0103r\u021bi pentru Ministerul Ap\u0103r\u0103rii"},"content":{"rendered":"<p>Sorin \u0218ipo\u0219, pe lista scurt\u0103 pentru Ap\u0103rare: De la coleg de clas\u0103 cu Nicu\u0219or Dan, la posibil ministru<\/p>\n<p>Senatorul USR Sorin \u0218ipo\u0219, liderul filialei Timi\u0219 \u0219i un apropiat al primarului Dominic Fritz, este cel mai nou nume luat \u00een calcul pentru a prelua func\u021bia de vicepremier \u0219i ministru al Ap\u0103r\u0103rii Na\u021bionale, post r\u0103mas vacant dup\u0103 demisia lui Ionu\u021b Mo\u0219teanu. O component\u0103 cheie a acestei nominaliz\u0103ri o reprezint\u0103 rela\u021bia sa personal\u0103 cu pre\u0219edintele Nicu\u0219or Dan.<\/p>\n<p>Conexiunea dintre cei doi lideri USR dateaz\u0103 din liceu. \u00cen timpul campaniei pentru alegerile preziden\u021biale din mai 2025, Sorin \u0218ipo\u0219 a dezv\u0103luit pentru debanat.ro c\u0103 a fost coleg de clas\u0103 cu Nicu\u0219or Dan. \u201eAm fost colegi de clas\u0103 \u00een liceu \u0219i-l cunosc bine. El m-a inspirat \u00een 2016 s\u0103 intru \u00een USR. \u0218i ce-mi amintesc cu precizie din liceu sunt meciurile de fotbal. Nicu\u0219or reu\u0219ea, de fiecare dat\u0103 c\u00e2nd avea mingea la picior, s\u0103 \u00eenscrie. Sunt convins c\u0103 asta va face \u0219i pe 4 mai\u201d, a declarat Sorin \u0218ipo\u0219 la acea vreme.<\/p>\n<p>Experien\u021b\u0103 \u00een Parlament \u0219i Comisii<\/p>\n<p>Senatorul \u0218ipo\u0219 se afl\u0103 la primul mandat de parlamentar, dar de\u021bine func\u021bii relevante pentru portofoliul vizat. El este membru: \u00een Comisia parlamentar\u0103 pentru controlul activit\u0103\u021bii SIE (Serviciul de Informa\u021bii Externe) \u0219i \u00een Comisia de ap\u0103rare, ordine public\u0103 \u0219i siguran\u021b\u0103 na\u021bional\u0103 din Senat.<\/p>\n<p>Din punct de vedere academic, a absolvit \u00een perioada 1990 \u2013 1995 Universitatea Politehnica din Timi\u0219oara, Facultatea de Electrotehnic\u0103.<\/p>\n<p>Cariera profesional\u0103<\/p>\n<p>CV-ul lui Sorin \u0218ipo\u0219 include o experien\u021b\u0103 vast\u0103 \u00een domeniul tehnic \u0219i managerial, cu pozi\u021bii variate, at\u00e2t \u00een administra\u021bia local\u0103, c\u00e2t \u0219i \u00een mediul privat.<\/p>\n<p>A \u00eenceput ca inspector de specialitate \u0219i \u0219ef de birou la Prim\u0103ria Timi\u0219oara, pe sectorul iluminat public \u0219i energetic (1995 \u2013 2004). A ocupat func\u021bii de director, inclusiv \u00een sisteme de securitate \u0219i comunica\u021bii (SC ICCO SYSTEMS SRL, SC ATLANTIS TELECOM SRL, M.C. SAFE ALARM SRL) \u0219i instala\u021bii electrice (VLADAR SYS SRL), acoperind o perioad\u0103 de peste dou\u0103 decenii. A de\u021binut pozi\u021bii cheie \u00een consiliile de administra\u021bie ale unor companii publice locale \u0219i na\u021bionale: pre\u0219edinte Consiliu de Administra\u021bie, SN AEROPORTUL INTERNA\u021aIONAL TIMI\u0218OARA \u2013 TRAIAN VUIA SA (2021), pre\u0219edinte Consiliu de Administra\u021bie, AQUATIM S.A. (2023 \u2013 2024)<\/p>\n<p>Sorin \u0218ipo\u0219 nu este singurul nume luat \u00een calcul de USR. Pentru func\u021bia de vicepremier \u0219i ministru al Ap\u0103r\u0103rii, surse\u00a0 au vehiculat anterior \u0219i numele altor membri USR, precum deputatul Bogdan Rodeanu \u0219i fostul deputat Nicu F\u0103lcoi.<\/p>","protected":false},"excerpt":{"rendered":"<p>Sorin \u0218ipo\u0219, pe lista scurt\u0103 pentru Ap\u0103rare: De la coleg de clas\u0103 cu Nicu\u0219or Dan,&hellip;<\/p>\n","protected":false},"author":0,"featured_media":51048,"comment_status":"open","ping_status":"open","sticky":false,"template":"","format":"standard","meta":{"footnotes":""},"categories":[2],"tags":[],"class_list":["post-51053","post","type-post","status-publish","format-standard","has-post-thumbnail","hentry","category-actual"],"_links":{"self":[{"href":"https:\/\/247stiri.ro\/index.php\/wp-json\/wp\/v2\/posts\/51053","targetHints":{"allow":["GET"]}}],"collection":[{"href":"https:\/\/247stiri.ro\/index.php\/wp-json\/wp\/v2\/posts"}],"about":[{"href":"https:\/\/247stiri.ro\/index.php\/wp-json\/wp\/v2\/types\/post"}],"replies":[{"embeddable":true,"href":"https:\/\/247stiri.ro\/index.php\/wp-json\/wp\/v2\/comments?post=51053"}],"version-history":[{"count":0,"href":"https:\/\/247stiri.ro\/index.php\/wp-json\/wp\/v2\/posts\/51053\/revisions"}],"wp:featuredmedia":[{"embeddable":true,"href":"https:\/\/247stiri.ro\/index.php\/wp-json\/wp\/v2\/media\/51048"}],"wp:attachment":[{"href":"https:\/\/247stiri.ro\/index.php\/wp-json\/wp\/v2\/media?parent=51053"}],"wp:term":[{"taxonomy":"category","embeddable":true,"href":"https:\/\/247stiri.ro\/index.php\/wp-json\/wp\/v2\/categories?post=51053"},{"taxonomy":"post_tag","embeddable":true,"href":"https:\/\/247stiri.ro\/index.php\/wp-json\/wp\/v2\/tags?post=51053"}],"curies":[{"name":"wp","href":"https:\/\/api.w.org\/{rel}","templated":true}]}}