{"id":51062,"date":"2025-12-10T15:46:23","date_gmt":"2025-12-10T15:46:23","guid":{"rendered":"https:\/\/247stiri.ro\/index.php\/2025\/12\/10\/diana-buzoianu-ministra-rezist-la-demis-pe-florin-ghita-de-la-administratia-bazinala-in-criza-apei-potabile-din-prahova-si-dambovita-live-text\/"},"modified":"2025-12-10T15:46:23","modified_gmt":"2025-12-10T15:46:23","slug":"diana-buzoianu-ministra-rezist-la-demis-pe-florin-ghita-de-la-administratia-bazinala-in-criza-apei-potabile-din-prahova-si-dambovita-live-text","status":"publish","type":"post","link":"https:\/\/247stiri.ro\/index.php\/2025\/12\/10\/diana-buzoianu-ministra-rezist-la-demis-pe-florin-ghita-de-la-administratia-bazinala-in-criza-apei-potabile-din-prahova-si-dambovita-live-text\/","title":{"rendered":"Diana Buzoianu, ministra rezist, la demis pe Florin Ghi\u021b\u0103, de la Administra\u021bia Bazinal\u0103, \u00een criza apei potabile din Prahova \u0219i D\u00e2mbovi\u021ba LIVE TEXT"},"content":{"rendered":"<p>P\u00e2n\u0103 la 22 DEC Adm Bazinal\u0103 nu am informat ESZ despre ac\u021biunile luate la sc\u0103derea apei. Nu au fost condi\u021bii&#8230;precum cre\u0219terea turbidit\u0103\u021bii. \u00centocmirea documentelor a relungit repara\u021biile pana in sezonul rece, iar din 2023 pana acum nu au fost f\u0103cute verific\u0103ri la ESZ. Operatorul ESZ a luat cuno\u0219tin\u021b\u0103 pe 22.10 ca urmeaz\u0103 s\u0103 fie crescut\u0103 turbiditatea, dar nu a luat masuri ca sa reduc\u0103 riscul. Nu au fost informate autorit\u0103\u021bile despre incidentul de la Paltinul. LA ESZ nu au foste efectuate\u00a0 controale, Administra\u021bia Bazinal\u0103 nu a luat m\u0103suri. LA demisia de onoare a lui Florin\u00a0 Ghi\u021b\u0103, \u00eei mul\u021bumesc. \u00cen doar c\u00e2teva luni s-a crescut substan\u021bial num\u0103rul de controale la nivel local, vom avea un raport ca s\u0103 vedem pe zona de balastiere au fost f\u0103cute. Am scos la iveala ilegalit\u0103\u021bile care se f\u0103cea pe faleze cu \u00eenc\u0103lcarea propriet\u0103\u021bii. Au fost ilegalit\u0103\u021bi la N\u0103vodari si alte sta\u021biuni cu privire la construc\u021bii ridicate.<\/p>\n<p>Am primit demisia de onoare a lui Florin Ghi\u021b\u0103, domnul Sorin Unga\u0219u va fi director general \u00een urm\u0103toarele 2 s\u0103pt\u0103m\u00e2ni. Avem \u00een momentul de fa\u021b\u0103 ap\u0103 menajer\u0103 \u00een toate comunit\u0103\u021bile. Urmeaz\u0103 s\u0103 fie f\u0103cute toate verific\u0103rile de la DSP. \u00cen perioada urm\u0103toare ne vom \u00eent\u00e2lni cu cei din CJ ca s\u0103 vedem ce solu\u021bii sunt. Nu exist\u0103 alternative magice, dar lucr\u0103rile vor trebui s\u0103 porneasc\u0103 de urgenta<\/p>","protected":false},"excerpt":{"rendered":"<p>P\u00e2n\u0103 la 22 DEC Adm Bazinal\u0103 nu am informat ESZ despre ac\u021biunile luate la sc\u0103derea&hellip;<\/p>\n","protected":false},"author":0,"featured_media":51057,"comment_status":"open","ping_status":"open","sticky":false,"template":"","format":"standard","meta":{"footnotes":""},"categories":[2],"tags":[],"class_list":["post-51062","post","type-post","status-publish","format-standard","has-post-thumbnail","hentry","category-actual"],"_links":{"self":[{"href":"https:\/\/247stiri.ro\/index.php\/wp-json\/wp\/v2\/posts\/51062","targetHints":{"allow":["GET"]}}],"collection":[{"href":"https:\/\/247stiri.ro\/index.php\/wp-json\/wp\/v2\/posts"}],"about":[{"href":"https:\/\/247stiri.ro\/index.php\/wp-json\/wp\/v2\/types\/post"}],"replies":[{"embeddable":true,"href":"https:\/\/247stiri.ro\/index.php\/wp-json\/wp\/v2\/comments?post=51062"}],"version-history":[{"count":0,"href":"https:\/\/247stiri.ro\/index.php\/wp-json\/wp\/v2\/posts\/51062\/revisions"}],"wp:featuredmedia":[{"embeddable":true,"href":"https:\/\/247stiri.ro\/index.php\/wp-json\/wp\/v2\/media\/51057"}],"wp:attachment":[{"href":"https:\/\/247stiri.ro\/index.php\/wp-json\/wp\/v2\/media?parent=51062"}],"wp:term":[{"taxonomy":"category","embeddable":true,"href":"https:\/\/247stiri.ro\/index.php\/wp-json\/wp\/v2\/categories?post=51062"},{"taxonomy":"post_tag","embeddable":true,"href":"https:\/\/247stiri.ro\/index.php\/wp-json\/wp\/v2\/tags?post=51062"}],"curies":[{"name":"wp","href":"https:\/\/api.w.org\/{rel}","templated":true}]}}