{"id":51065,"date":"2025-12-10T15:46:24","date_gmt":"2025-12-10T15:46:24","guid":{"rendered":"https:\/\/247stiri.ro\/index.php\/2025\/12\/10\/ion-cristoiu-analiza-exploziva-guvernul-bolojan-face-politica-usr-si-loveste-in-psd\/"},"modified":"2025-12-10T15:46:24","modified_gmt":"2025-12-10T15:46:24","slug":"ion-cristoiu-analiza-exploziva-guvernul-bolojan-face-politica-usr-si-loveste-in-psd","status":"publish","type":"post","link":"https:\/\/247stiri.ro\/index.php\/2025\/12\/10\/ion-cristoiu-analiza-exploziva-guvernul-bolojan-face-politica-usr-si-loveste-in-psd\/","title":{"rendered":"Ion Cristoiu, analiz\u0103 exploziv\u0103: \u201dGuvernul Bolojan face politica USR \u0219i love\u0219te \u00een PSD\u201d"},"content":{"rendered":"<p>\u201dDecizia privind taxele pentru rom\u00e2ni nu v\u0103d de ce trebuia s\u0103 fie un protest \u00een fa\u021ba CCR, trebuia s\u0103 fie un protest \u00een fa\u021ba Guvernului pentru c\u0103, de fapt, s-a confirmat c\u0103 e constitu\u021bional sau \u00een fa\u021ba Cotroceniului pentru c\u0103 legea ajunge la promulgare la domnul Nicu\u0219or Dan, dar dup\u0103 p\u0103rerea mea trebuia s\u0103 fie o demonstra\u021bie \u00een fa\u021ba sediilor PSD.\u00a0<\/p>\n<p>Singura formul\u0103 de a sc\u0103pa de politica de austeritate este de a for\u021ba conducerea PSD s\u0103 fie de partea electoratului. Deci, \u00een momentul \u00een care PSD-ul se va trezi cu demonstra\u021bii \u00een fa\u021ba sediilor atunci \u00ee\u0219i va da seama sau va realiza ceea ce nu realizez\u0103 c\u0103, de fapt, prezen\u021ba lor la guvernare legitimeaz\u0103 tot ceea ce fac acum. Asta este la ora actual\u0103 cea mai mare problem\u0103.\u00a0<\/p>\n<p>Guvernul Bolojan este un guvern USR-ist, c\u0103 PNL este partea userist\u0103, \u00ee\u0219i face politica lui, e o politic\u0103 de dreapta, e salutat\u0103 de electoratul de dreapta care love\u0219te grav \u00een electoratul de st\u00e2nga al PSD \u0219i PSD care are majoritate relativ\u0103 \u00een Parlament el este garan\u021bia. F\u0103r\u0103 prezenta\u021ba lui \u00een coali\u021bia de guvernare s\u0103 \u0219ti\u021bi c\u0103 nu s-ar face.\u00a0<\/p>\n<p>S\u0103 \u0219ti\u021bi c\u0103 dac\u0103 am avea un guvern minoritar, cum ar trebui, cu PSD \u00een opozi\u021bie Guvernul nu ar mai face at\u00e2tea abuzuri. C\u00e2nd e\u0219ti guvern minoritar te mai g\u00e2nde\u0219ti, dar ei \u0219tiu c\u0103 tot ceea ce fac ei, la vot, vorba lui Nicu\u0219or Dan: PSD-ul voteaz\u0103.<\/p>\n<p>Am v\u0103zut multe guverne minoritare, au fost mult mai prudente \u0219tiind c\u0103 au o opozi\u021bie care le pot r\u0103sturna \u00een ultimul moment\u201d, a declarat Ion Cristoiu.<\/p>","protected":false},"excerpt":{"rendered":"<p>\u201dDecizia privind taxele pentru rom\u00e2ni nu v\u0103d de ce trebuia s\u0103 fie un protest \u00een&hellip;<\/p>\n","protected":false},"author":0,"featured_media":51059,"comment_status":"open","ping_status":"open","sticky":false,"template":"","format":"standard","meta":{"footnotes":""},"categories":[2],"tags":[],"class_list":["post-51065","post","type-post","status-publish","format-standard","has-post-thumbnail","hentry","category-actual"],"_links":{"self":[{"href":"https:\/\/247stiri.ro\/index.php\/wp-json\/wp\/v2\/posts\/51065","targetHints":{"allow":["GET"]}}],"collection":[{"href":"https:\/\/247stiri.ro\/index.php\/wp-json\/wp\/v2\/posts"}],"about":[{"href":"https:\/\/247stiri.ro\/index.php\/wp-json\/wp\/v2\/types\/post"}],"replies":[{"embeddable":true,"href":"https:\/\/247stiri.ro\/index.php\/wp-json\/wp\/v2\/comments?post=51065"}],"version-history":[{"count":0,"href":"https:\/\/247stiri.ro\/index.php\/wp-json\/wp\/v2\/posts\/51065\/revisions"}],"wp:featuredmedia":[{"embeddable":true,"href":"https:\/\/247stiri.ro\/index.php\/wp-json\/wp\/v2\/media\/51059"}],"wp:attachment":[{"href":"https:\/\/247stiri.ro\/index.php\/wp-json\/wp\/v2\/media?parent=51065"}],"wp:term":[{"taxonomy":"category","embeddable":true,"href":"https:\/\/247stiri.ro\/index.php\/wp-json\/wp\/v2\/categories?post=51065"},{"taxonomy":"post_tag","embeddable":true,"href":"https:\/\/247stiri.ro\/index.php\/wp-json\/wp\/v2\/tags?post=51065"}],"curies":[{"name":"wp","href":"https:\/\/api.w.org\/{rel}","templated":true}]}}