{"id":51068,"date":"2025-12-10T15:46:26","date_gmt":"2025-12-10T15:46:26","guid":{"rendered":"https:\/\/247stiri.ro\/index.php\/2025\/12\/10\/nicusor-dan-reactie-dupa-dezvaluirile-privind-coruptia-din-justitie-cine-strange-probele-si-cine-face-sesizarile\/"},"modified":"2025-12-10T15:46:26","modified_gmt":"2025-12-10T15:46:26","slug":"nicusor-dan-reactie-dupa-dezvaluirile-privind-coruptia-din-justitie-cine-strange-probele-si-cine-face-sesizarile","status":"publish","type":"post","link":"https:\/\/247stiri.ro\/index.php\/2025\/12\/10\/nicusor-dan-reactie-dupa-dezvaluirile-privind-coruptia-din-justitie-cine-strange-probele-si-cine-face-sesizarile\/","title":{"rendered":"Nicu\u0219or Dan, reac\u021bie dup\u0103 dezv\u0103luirile privind corup\u021bia din justi\u021bie: \u201eCine str\u00e2nge probele \u0219i cine face sesiz\u0103rile?\u201d"},"content":{"rendered":"<p>\u201eAm v\u0103zut cap-coad\u0103 documentarul Recorder despre justi\u021bie. Cel mai simplu este s\u0103 ne revolt\u0103m, \u00eenc\u0103 o dat\u0103, \u0219i s\u0103 arunc\u0103m vina generic. Mai greu este chiar s\u0103 rezolv\u0103m problemele din justi\u021bie. \u00cen primul r\u00e2nd, felicit\u0103ri realizatorilor, care aduc \u00een dezbaterea public\u0103, \u00eentr-un mod accesibil publicului, probleme importante. \u00cen al doilea r\u00e2nd, nu vreau s\u0103 scuz \u00een vreun fel politicul. Faptul c\u0103 lupta anticorup\u021bie s-a redus dramatic are influen\u021b\u0103 politic\u0103. Numirile procurorilor-\u0219efi au fost politice. Societatea vorbe\u0219te de mult de probleme \u00een justi\u021bie f\u0103r\u0103 s\u0103 vedem, la nivelul Ministerului Justi\u021biei, voin\u021b\u0103 de a intra cu adev\u0103rat \u00een ele. Dar solu\u021bia la problemele ridicate este tot \u00een interiorul sistemului de justi\u021bie. Cazurile prezentate trebuie investigate \u0219i trebuie investigat\u0103 mai ales recuren\u021ba acestor cazuri. Iar persoanele vinovate trebuie pedepsite, \u00eens\u0103 tot de sistemul de justi\u021bie, \u0219i pe baz\u0103 de probe. Pentru c\u0103 materialul Recorder prezint\u0103 \u0219i fapte, care sunt clare, dar \u0219i opinii, care trebuie probate. Cine str\u00e2nge probele \u0219i cine face sesiz\u0103rile? De ce nu avem \u00eenc\u0103 un raport din interiorul sistemului de justi\u021bie, de\u0219i se vorbe\u0219te de lucrurile astea de mult timp? C\u00e2te sesiz\u0103ri s-au f\u0103cut din interiorul sistemului de justi\u021bie pe faptele de care vorbim? C\u00e2te ac\u021biuni \u00een justi\u021bie s-au f\u0103cut pe faptele de care vorbim? De ce sunt doar trei magistra\u021bi \u00een activitate care au acceptat s\u0103 vorbeasc\u0103 deschis cu reporterii? De ce nu a contracandidat-o nimeni pe Lia Savonea la conducerea \u00cenaltei Cur\u021bi? A\u0219a cum am spus, am \u00eenceput s\u0103 lucr\u0103m la un raport cu date despre problemele din sistemul de justi\u021bie. Discut\u0103m cu magistra\u021bi. \u00cei invit pe to\u021bi magistra\u021bii s\u0103 \u00eemi scrie direct despre problemele pe care le \u00eent\u00e2mpin\u0103 \u0219i \u00eei asigur c\u0103 voi citi personal ce \u00eemi transmit. Dar trebuie \u0219i o asumare \u00een interiorul profesiei. Sunt convins c\u0103 marea majoritate a magistra\u021bilor sunt oameni serio\u0219i, de bun\u0103-credin\u021b\u0103. E responsabilitatea lor, dincolo de dosarele curente, s\u0103 se implice \u00een rezolvarea problemelor profesiei lor. \u0218i \u00eei asigur, la r\u00e2ndul meu, de implicare \u0219i bun\u0103-credin\u021b\u0103 pentru a aduce justi\u021bia acolo unde \u0219i-o doresc rom\u00e2nii\u201d, a scris pre\u0219edintele pe re\u021beaua X.\u00a0<\/p>\n<p>\u00a0<\/p>\n<p>Am v\u0103zut cap-coad\u0103 documentarul Recorder despre justi\u021bie. Cel mai simplu este s\u0103 ne revolt\u0103m, \u00eenc\u0103 o dat\u0103, \u0219i s\u0103 arunc\u0103m vina generic. Mai greu este chiar s\u0103 rezolv\u0103m problemele din justi\u021bie.\u00cen primul r\u00e2nd, felicit\u0103ri realizatorilor, care aduc \u00een dezbaterea public\u0103, \u00eentr-un mod\u2026<\/p>\n<p>\u2014 Nicu\u0219or Dan (@NicusorDanRO) <a href=\"https:\/\/twitter.com\/NicusorDanRO\/status\/1998769420626247724?ref_src=twsrc%5Etfw\">December 10, 2025<\/a><\/p>","protected":false},"excerpt":{"rendered":"<p>\u201eAm v\u0103zut cap-coad\u0103 documentarul Recorder despre justi\u021bie. Cel mai simplu este s\u0103 ne revolt\u0103m, \u00eenc\u0103&hellip;<\/p>\n","protected":false},"author":0,"featured_media":51061,"comment_status":"open","ping_status":"open","sticky":false,"template":"","format":"standard","meta":{"footnotes":""},"categories":[2],"tags":[],"class_list":["post-51068","post","type-post","status-publish","format-standard","has-post-thumbnail","hentry","category-actual"],"_links":{"self":[{"href":"https:\/\/247stiri.ro\/index.php\/wp-json\/wp\/v2\/posts\/51068","targetHints":{"allow":["GET"]}}],"collection":[{"href":"https:\/\/247stiri.ro\/index.php\/wp-json\/wp\/v2\/posts"}],"about":[{"href":"https:\/\/247stiri.ro\/index.php\/wp-json\/wp\/v2\/types\/post"}],"replies":[{"embeddable":true,"href":"https:\/\/247stiri.ro\/index.php\/wp-json\/wp\/v2\/comments?post=51068"}],"version-history":[{"count":0,"href":"https:\/\/247stiri.ro\/index.php\/wp-json\/wp\/v2\/posts\/51068\/revisions"}],"wp:featuredmedia":[{"embeddable":true,"href":"https:\/\/247stiri.ro\/index.php\/wp-json\/wp\/v2\/media\/51061"}],"wp:attachment":[{"href":"https:\/\/247stiri.ro\/index.php\/wp-json\/wp\/v2\/media?parent=51068"}],"wp:term":[{"taxonomy":"category","embeddable":true,"href":"https:\/\/247stiri.ro\/index.php\/wp-json\/wp\/v2\/categories?post=51068"},{"taxonomy":"post_tag","embeddable":true,"href":"https:\/\/247stiri.ro\/index.php\/wp-json\/wp\/v2\/tags?post=51068"}],"curies":[{"name":"wp","href":"https:\/\/api.w.org\/{rel}","templated":true}]}}