{"id":51071,"date":"2025-12-10T15:46:27","date_gmt":"2025-12-10T15:46:27","guid":{"rendered":"https:\/\/247stiri.ro\/index.php\/2025\/12\/10\/ministrul-psd-al-muncii-inca-mai-spera-ca-e-loc-sa-fie-convins-bolojan-pe-cresterea-salariului-minim\/"},"modified":"2025-12-10T15:46:27","modified_gmt":"2025-12-10T15:46:27","slug":"ministrul-psd-al-muncii-inca-mai-spera-ca-e-loc-sa-fie-convins-bolojan-pe-cresterea-salariului-minim","status":"publish","type":"post","link":"https:\/\/247stiri.ro\/index.php\/2025\/12\/10\/ministrul-psd-al-muncii-inca-mai-spera-ca-e-loc-sa-fie-convins-bolojan-pe-cresterea-salariului-minim\/","title":{"rendered":"Ministrul PSD al Muncii \u00eenc\u0103 mai sper\u0103 c\u0103 \u201ee loc\u201d s\u0103 fie convins Bolojan pe cre\u0219terea salariului minim"},"content":{"rendered":"<p>Ministrul Muncii, Florin Manole, a declarat miercuri, dup\u0103 negocierile tripartite de la Guvern privind majorarea salariului minim de la 1 ianuarie 2026, c\u0103 o decizie este a\u0219teptat\u0103 s\u0103pt\u0103m\u00e2na viitoare, exist\u00e2nd \u00eenc\u0103 spa\u021biu de negociere.<\/p>\n<p>Manole a participat la discu\u021biile de la Palatul Victoria cu premierul Ilie Bolojan, sindicatele \u0219i patronatele. Ministrul a argumentat \u00een fa\u021ba partenerilor sociali necesitatea cre\u0219terii salariului minim din motive precum infla\u021bia crescut\u0103 \u0219i afectarea puterii de cump\u0103rare. El a subliniat c\u0103 Rom\u00e2nia este \u201euna dintre \u021b\u0103rile UE \u00een care se \u00eenregistreaz\u0103 s\u0103r\u0103cie \u00een r\u00e2ndul muncitorilor\u201d, consider\u00e2nd inacceptabil ca cineva s\u0103 lucreze legal opt ore pe zi \u0219i s\u0103 nu poat\u0103 face fa\u021b\u0103 cheltuielilor lunare. \u00cen ciuda acestor argumente, Florin Manole a precizat c\u0103 au existat \u0219i opinii pentru men\u021binerea nivelului actual al salariului minim, venite din partea patronatelor.<\/p>\n<p>Ministrul a insistat c\u0103 Partidul Social-Democrat va milita \u00een continuare pentru cre\u0219terea salariului minim. Manole a explicat c\u0103, \u00een cazul \u00eenghe\u021b\u0103rii salariului, 2 milioane de cet\u0103\u021beni (afla\u021bi \u00een intervalul 4.050 lei \u2013 4.500 lei) ar pierde lunar din puterea de cump\u0103rare. De asemenea, statul ar \u00eenregistra pierderi de miliarde de lei, at\u00e2t direct, c\u00e2t \u0219i indirect, din taxa de consum.<\/p>\n<p>Manole a subliniat impactul pozitiv al major\u0103rii asupra colect\u0103rii la buget, men\u021bion\u00e2nd c\u0103 num\u0103rul salaria\u021bilor la minimul pe economie din sistemul de stat este redus, astfel c\u0103 \u201ela sf\u00e2r\u0219itul calculului, impactul este pozitiv\u201d.<\/p>","protected":false},"excerpt":{"rendered":"<p>Ministrul Muncii, Florin Manole, a declarat miercuri, dup\u0103 negocierile tripartite de la Guvern privind majorarea&hellip;<\/p>\n","protected":false},"author":0,"featured_media":51072,"comment_status":"open","ping_status":"open","sticky":false,"template":"","format":"standard","meta":{"footnotes":""},"categories":[2],"tags":[],"class_list":["post-51071","post","type-post","status-publish","format-standard","has-post-thumbnail","hentry","category-actual"],"_links":{"self":[{"href":"https:\/\/247stiri.ro\/index.php\/wp-json\/wp\/v2\/posts\/51071","targetHints":{"allow":["GET"]}}],"collection":[{"href":"https:\/\/247stiri.ro\/index.php\/wp-json\/wp\/v2\/posts"}],"about":[{"href":"https:\/\/247stiri.ro\/index.php\/wp-json\/wp\/v2\/types\/post"}],"replies":[{"embeddable":true,"href":"https:\/\/247stiri.ro\/index.php\/wp-json\/wp\/v2\/comments?post=51071"}],"version-history":[{"count":0,"href":"https:\/\/247stiri.ro\/index.php\/wp-json\/wp\/v2\/posts\/51071\/revisions"}],"wp:featuredmedia":[{"embeddable":true,"href":"https:\/\/247stiri.ro\/index.php\/wp-json\/wp\/v2\/media\/51072"}],"wp:attachment":[{"href":"https:\/\/247stiri.ro\/index.php\/wp-json\/wp\/v2\/media?parent=51071"}],"wp:term":[{"taxonomy":"category","embeddable":true,"href":"https:\/\/247stiri.ro\/index.php\/wp-json\/wp\/v2\/categories?post=51071"},{"taxonomy":"post_tag","embeddable":true,"href":"https:\/\/247stiri.ro\/index.php\/wp-json\/wp\/v2\/tags?post=51071"}],"curies":[{"name":"wp","href":"https:\/\/api.w.org\/{rel}","templated":true}]}}