{"id":51077,"date":"2025-12-10T16:45:28","date_gmt":"2025-12-10T16:45:28","guid":{"rendered":"https:\/\/247stiri.ro\/index.php\/2025\/12\/10\/val-de-concedieri-la-bosch-timisoara-peste-500-de-angajati-isi-vor-pierde-locurile-de-munca\/"},"modified":"2025-12-10T16:45:28","modified_gmt":"2025-12-10T16:45:28","slug":"val-de-concedieri-la-bosch-timisoara-peste-500-de-angajati-isi-vor-pierde-locurile-de-munca","status":"publish","type":"post","link":"https:\/\/247stiri.ro\/index.php\/2025\/12\/10\/val-de-concedieri-la-bosch-timisoara-peste-500-de-angajati-isi-vor-pierde-locurile-de-munca\/","title":{"rendered":"Val de concedieri la Bosch Timi\u0219oara. Peste 500 de angaja\u021bi \u00ee\u0219i vor pierde locurile de munc\u0103"},"content":{"rendered":"<p>. Aceste concedieri fac parte dintr-un plan amplu de eficientizare prin care divizia global\u0103 Bosch Global Business Services \u00ee\u0219i va reduce personalul cu aproximativ 3.400 de angaja\u021bi la nivel mondial, p\u00e2n\u0103 la finalul lui 2030.<\/p>\n<p>Grupul Bosch anun\u021b\u0103 o nou\u0103 rund\u0103 de concedieri \u00een Rom\u00e2nia, viz\u00e2nd peste 500 de angaja\u021bi de la centrul din Timi\u0219oara, \u00een urm\u0103torii patru ani, p\u00e2n\u0103 la finalul lui 2030. Aceste posturi fac parte din divizia de servicii Bosch Global Business Services (GBS), care se ocup\u0103 de opera\u021biuni precum contabilitate, achizi\u021bii sau resurse umane. \u00cen prezent, divizia GBS are aproximativ 1.800 de angaja\u021bi la Timi\u0219oara.<\/p>\n<p>Aceast\u0103 ajustare face parte dintr-un plan strategic mult mai amplu al companiei germane, care vizeaz\u0103 eliminarea a circa 13.000 de locuri de munc\u0103 la nivel global. Divizia GBS va elimina, la nivel interna\u021bional, aproximativ 3.400 de posturi p\u00e2n\u0103 \u00een 2030.<\/p>\n<p>Care este motivul concedierilor masive<\/p>\n<p>Bosch explic\u0103 faptul c\u0103 aceste schimb\u0103ri sunt o consecin\u021b\u0103 a contextului economic dificil \u0219i a presiunii tot mai mari din industrie. Compania sus\u021bine c\u0103 \u201eeconomia global\u0103 trece printr-o schimbare structural\u0103\u201d, iar incertitudinile geopolitice, performan\u021ba slab\u0103 pe pie\u021bele-cheie \u0219i competi\u021bia crescut\u0103 impun o reducere permanent\u0103 a costurilor pentru a men\u021bine competitivitatea. La nivel global, Bosch a invocat un deficit anual de costuri de 2,5 miliarde de euro.<\/p>\n<p>Compania a precizat c\u0103, de\u0219i schimb\u0103rile la Timi\u0219oara vor fi f\u0103cute treptat \u0219i obiectivul este ca ajust\u0103rile s\u0103 fie \u201ec\u00e2t mai acceptabile din punct de vedere social\u201d, loca\u021bia din Timi\u0219oara va r\u0103m\u00e2ne un centru strategic pentru Bosch.<\/p>\n<p>Nu este primul val de concedieri al companiei, \u00een Rom\u00e2nia<\/p>\n<p>Aceasta nu este prima m\u0103sur\u0103 de reducere de personal operat\u0103 recent de Bosch \u00een Rom\u00e2nia. \u00cen octombrie 2025, fabrica din Cluj, parte din divizia Mobility Electronics, a anun\u021bat c\u0103 va renun\u021ba la 170 de pozi\u021bii p\u00e2n\u0103 la sf\u00e2r\u0219itul lunii decembrie 2025. Fabrica din Cluj are aproximativ 3.300 de angaja\u021bi.<\/p>\n<p>La nivel na\u021bional, Bosch a \u00eenregistrat v\u00e2nz\u0103ri consolidate de 2,6 miliarde de lei \u00een 2024, \u00een cre\u0219tere cu 2,6%, \u00een ciuda condi\u021biilor dificile. Compania a investit aproximativ 246 de milioane de lei \u00een modernizarea \u0219i dezvoltarea fabricilor din Cluj \u0219i Blaj. Cu toate acestea, num\u0103rul total de angaja\u021bi ai Bosch \u00een Rom\u00e2nia a sc\u0103zut cu circa 200, ajung\u00e2nd la 10.320 la finalul lui 2024.<\/p>\n<p>La nivel interna\u021bional, Bosch avea aproximativ 418.000 de angaja\u021bi \u00een \u00eentreaga lume anul trecut. Stefan Grosch, membru \u00een consiliul de administra\u021bie, a declarat: \u201eTrebuie s\u0103 lucr\u0103m de urgen\u021b\u0103 la competitivitatea noastr\u0103 \u00een sectorul mobilit\u0103\u021bii \u0219i s\u0103 ne reducem permanent costurile. Acest lucru este foarte dureros pentru noi, dar, din p\u0103cate, nu exist\u0103 nicio cale de ocolire.\u201d<\/p>","protected":false},"excerpt":{"rendered":"<p>. Aceste concedieri fac parte dintr-un plan amplu de eficientizare prin care divizia global\u0103 Bosch&hellip;<\/p>\n","protected":false},"author":0,"featured_media":51078,"comment_status":"open","ping_status":"open","sticky":false,"template":"","format":"standard","meta":{"footnotes":""},"categories":[2],"tags":[],"class_list":["post-51077","post","type-post","status-publish","format-standard","has-post-thumbnail","hentry","category-actual"],"_links":{"self":[{"href":"https:\/\/247stiri.ro\/index.php\/wp-json\/wp\/v2\/posts\/51077","targetHints":{"allow":["GET"]}}],"collection":[{"href":"https:\/\/247stiri.ro\/index.php\/wp-json\/wp\/v2\/posts"}],"about":[{"href":"https:\/\/247stiri.ro\/index.php\/wp-json\/wp\/v2\/types\/post"}],"replies":[{"embeddable":true,"href":"https:\/\/247stiri.ro\/index.php\/wp-json\/wp\/v2\/comments?post=51077"}],"version-history":[{"count":0,"href":"https:\/\/247stiri.ro\/index.php\/wp-json\/wp\/v2\/posts\/51077\/revisions"}],"wp:featuredmedia":[{"embeddable":true,"href":"https:\/\/247stiri.ro\/index.php\/wp-json\/wp\/v2\/media\/51078"}],"wp:attachment":[{"href":"https:\/\/247stiri.ro\/index.php\/wp-json\/wp\/v2\/media?parent=51077"}],"wp:term":[{"taxonomy":"category","embeddable":true,"href":"https:\/\/247stiri.ro\/index.php\/wp-json\/wp\/v2\/categories?post=51077"},{"taxonomy":"post_tag","embeddable":true,"href":"https:\/\/247stiri.ro\/index.php\/wp-json\/wp\/v2\/tags?post=51077"}],"curies":[{"name":"wp","href":"https:\/\/api.w.org\/{rel}","templated":true}]}}