{"id":51079,"date":"2025-12-10T16:45:29","date_gmt":"2025-12-10T16:45:29","guid":{"rendered":"https:\/\/247stiri.ro\/index.php\/2025\/12\/10\/dezastru-ecologic-langa-raul-mures-un-hectar-de-teren-sufocat-de-gunoaie-amenda-record-pentru-o-familie-din-arad\/"},"modified":"2025-12-10T16:45:29","modified_gmt":"2025-12-10T16:45:29","slug":"dezastru-ecologic-langa-raul-mures-un-hectar-de-teren-sufocat-de-gunoaie-amenda-record-pentru-o-familie-din-arad","status":"publish","type":"post","link":"https:\/\/247stiri.ro\/index.php\/2025\/12\/10\/dezastru-ecologic-langa-raul-mures-un-hectar-de-teren-sufocat-de-gunoaie-amenda-record-pentru-o-familie-din-arad\/","title":{"rendered":"Dezastru ecologic l\u00e2ng\u0103 r\u00e2ul Mure\u0219: un hectar de teren sufocat de gunoaie. Amend\u0103 record pentru o familie din Arad"},"content":{"rendered":"<p>\u00cen urma unei sesiz\u0103ri, <a href=\"https:\/\/www.realitatea.net\/stiri\/actual\/calitatea-mediului-din-capitala-risca-sa-ne-duca-intro-situatie-de-infringement-semnalul-de-alarma-tras-de-garda-de-mediu_691743dbabfc913883123ee2\" target=\"_blank\">comisarii G\u0103rzii de Mediu <\/a>\u0219i ai Poli\u021biei din Arad au descins pe strada M\u0103rului, o zon\u0103 din imediata apropiere a Mure\u0219ului \u0219i a P\u0103durii Ceala, care este arie protejat\u0103, unde au descoperit un depozit mare de de\u0219euri.\u00a0<\/p>\n<p>\u201dPe strada M\u0103rului, \u00een proximitatea P\u0103durii Ceala, pe o suprafa\u021b\u0103 de aproximativ 10.000 de metri p\u0103tra\u021bi, au fost constatate depozit\u0103ri ilegale de de\u0219euri provenite din demol\u0103ri, de\u0219euri voluminoase, de\u0219euri din plastic, carton \u0219i anvelope uzate\u201d, a informat, miercuri, Garda de Mediu Arad.<\/p>\n<p>\u00cen urma cercet\u0103rilor, s-a stabilit c\u0103 gunoaiele au fost desc\u0103rcate acolo de o familie, care a fost amendat\u0103 cu 40.000 de lei.<\/p>\n<p>Totodat\u0103, cei vinova\u021bi sunt obliga\u021bi s\u0103 salubrizeze terenul \u00een cel mult 30 de zile.\u00a0<\/p>","protected":false},"excerpt":{"rendered":"<p>\u00cen urma unei sesiz\u0103ri, comisarii G\u0103rzii de Mediu \u0219i ai Poli\u021biei din Arad au descins&hellip;<\/p>\n","protected":false},"author":0,"featured_media":51080,"comment_status":"open","ping_status":"open","sticky":false,"template":"","format":"standard","meta":{"footnotes":""},"categories":[2],"tags":[],"class_list":["post-51079","post","type-post","status-publish","format-standard","has-post-thumbnail","hentry","category-actual"],"_links":{"self":[{"href":"https:\/\/247stiri.ro\/index.php\/wp-json\/wp\/v2\/posts\/51079","targetHints":{"allow":["GET"]}}],"collection":[{"href":"https:\/\/247stiri.ro\/index.php\/wp-json\/wp\/v2\/posts"}],"about":[{"href":"https:\/\/247stiri.ro\/index.php\/wp-json\/wp\/v2\/types\/post"}],"replies":[{"embeddable":true,"href":"https:\/\/247stiri.ro\/index.php\/wp-json\/wp\/v2\/comments?post=51079"}],"version-history":[{"count":0,"href":"https:\/\/247stiri.ro\/index.php\/wp-json\/wp\/v2\/posts\/51079\/revisions"}],"wp:featuredmedia":[{"embeddable":true,"href":"https:\/\/247stiri.ro\/index.php\/wp-json\/wp\/v2\/media\/51080"}],"wp:attachment":[{"href":"https:\/\/247stiri.ro\/index.php\/wp-json\/wp\/v2\/media?parent=51079"}],"wp:term":[{"taxonomy":"category","embeddable":true,"href":"https:\/\/247stiri.ro\/index.php\/wp-json\/wp\/v2\/categories?post=51079"},{"taxonomy":"post_tag","embeddable":true,"href":"https:\/\/247stiri.ro\/index.php\/wp-json\/wp\/v2\/tags?post=51079"}],"curies":[{"name":"wp","href":"https:\/\/api.w.org\/{rel}","templated":true}]}}