{"id":51203,"date":"2025-12-11T07:45:07","date_gmt":"2025-12-11T07:45:07","guid":{"rendered":"https:\/\/247stiri.ro\/index.php\/2025\/12\/11\/in-timp-ce-guvernul-bolojan-saraceste-poporul-premierul-si-rezista-oana-gheorghiu-isi-aduc-consilieri-onorifici-la-palatul-victoria\/"},"modified":"2025-12-11T07:45:07","modified_gmt":"2025-12-11T07:45:07","slug":"in-timp-ce-guvernul-bolojan-saraceste-poporul-premierul-si-rezista-oana-gheorghiu-isi-aduc-consilieri-onorifici-la-palatul-victoria","status":"publish","type":"post","link":"https:\/\/247stiri.ro\/index.php\/2025\/12\/11\/in-timp-ce-guvernul-bolojan-saraceste-poporul-premierul-si-rezista-oana-gheorghiu-isi-aduc-consilieri-onorifici-la-palatul-victoria\/","title":{"rendered":"\u00cen timp ce Guvernul Bolojan s\u0103r\u0103ce\u0219te poporul, premierul \u0219i rezista Oana Gheorghiu \u00ee\u0219i aduc consilieri onorifici la Palatul Victoria"},"content":{"rendered":"<p>Claudiu Marinel Mure\u0219an, economist \u0219i fost senator USR trecut ulterior la PSD, a fost numit pre\u0219edinte al ARF, cu rang de secretar de stat. Acesta \u00eenlocuie\u0219te liberalul Mihai Barbu \u0219i a candidat recent, f\u0103r\u0103 succes, pentru \u0219efia agen\u021biei AMEPIP. Mure\u0219an a fost senator ales \u00een 2020 pe listele USR Sibiu, dar nu a ob\u021binut un nou mandat \u00een 2024.\u200b<\/p>\n<p>Mure\u0219an a ocupat recent \u0219i func\u021bia de pre\u0219edinte al Consiliului de Administra\u021bie al Telecomunica\u021biilor CFR SA.<\/p>\n<p>Clara-Alexandra Volintiru \u0219i Cristian-Gabriel Seidler au fost numi\u021bi secretari de stat la ministerele de Externe, respectiv Ap\u0103r\u0103rii.<\/p>\n<p>\u201eClara-Alexandra Volintiru se nume\u015fte \u00een func\u0163ia de secretar de stat pentru rela\u0163ii interinstitu\u0163ionale, cooperare pentru dezvoltare \u015fi drepturile omului \u00een cadrul Ministerului Afacerilor Externe\u201d, se arat\u0103 \u00een decizia din Monitorul Oficial.<\/p>\n<p>\u201eLa data intr\u0103rii \u00een vigoare a prezentei decizii, Cristian-Gabriel Seidler se nume\u015fte \u00een func\u0163ia de secretar de stat \u00een cadrul aparatului propriu de lucru al viceprim-ministrului, ministrul Ap\u0103r\u0103rii Na\u0163ionale\u201d, potrivit deciziei semnate miercuri de premier. Decizia a fost luat\u0103 \u201eav\u00e2nd \u00een vedere propunerea domnului Radu-Dinel Miru\u0163\u0103, viceprim-ministru, ministrul Ap\u0103r\u0103rii Na\u0163ionale, interimar\u201d.<\/p>\n<p>Cristian-Gabriel Seidler a fost numit \u00een iulie \u00een func\u0163ia de secretar de stat \u00een aparatul ministrului Ap\u0103r\u0103rii Na\u0163ionale, Ionu\u0163 Mo\u015fteanu, care \u015fi-a depus demisia la finalul lunii noiembrie.<\/p>\n<p>Pe 8 decembrie a ap\u0103rut \u00een Monitorul Oficial decizia prin care se consemneaz\u0103 c\u0103, la data de 28 noiembrie 2025, a \u00eencetat de drept exercitarea func\u0163iei de secretar de stat de c\u0103tre Cristian-Gabriel Seidler \u00een cadrul aparatului de lucru al viceprim-ministrului, ministrul Ap\u0103r\u0103rii Na\u0163ionale.<\/p>\n<p>Bolojan \u0219i Oana Gheorghiu \u0219i-au numit consilieri onorifici<\/p>\n<p>David-Adrian Balaban-Oglan a fost desemnat consilier onorific al premierului Ilie Bolojan, potrivit unei decizii publicate miercuri sear\u0103 \u00een Monitorul Oficial. \u00a0<\/p>\n<p>Func\u021bia este una neremunerat\u0103, conform documentului oficial. \u00a0<\/p>\n<p>De asemenea, vicepremierul Oana Gheorghiu a numit-o pe Aurora-Speran\u0163a Munteanu \u00een calitate de consilier onorific.<\/p>\n<p>La data de 8 octombrie, Adunarea General\u0103 a Ac\u0163ionarilor Romaero, companie aflat\u0103 \u00een procedur\u0103 de insolven\u0163\u0103, a numit-o pe Aurora-Speran\u0163a Munteanu \u00een func\u0163ia de administrator special.<\/p>\n<p>\u201eAv\u00e2nd \u00een vedere propunerea doamnei Oana-Clara Gheorghiu, viceprim-ministru, \u00eenregistrat\u0103 la Cabinetul prim-ministrului cu nr. 5\/11.368 din 26 noiembrie 2025 (&#8230;), prim-ministrul emite prezenta decizie: Se acord\u0103 doamnei Aurora-Speran\u0163a Munteanu calitatea de consilier onorific al viceprim-ministrului Oana-Clara Gheorghiu. Activitatea doamnei Aurora-Speran\u0163a Munteanu este neremunerat\u0103\u201d, se arat\u0103 \u00een decizia publicat\u0103 \u00een Monitorul Oficial.<\/p>","protected":false},"excerpt":{"rendered":"<p>Claudiu Marinel Mure\u0219an, economist \u0219i fost senator USR trecut ulterior la PSD, a fost numit&hellip;<\/p>\n","protected":false},"author":0,"featured_media":51199,"comment_status":"open","ping_status":"open","sticky":false,"template":"","format":"standard","meta":{"footnotes":""},"categories":[2],"tags":[],"class_list":["post-51203","post","type-post","status-publish","format-standard","has-post-thumbnail","hentry","category-actual"],"_links":{"self":[{"href":"https:\/\/247stiri.ro\/index.php\/wp-json\/wp\/v2\/posts\/51203","targetHints":{"allow":["GET"]}}],"collection":[{"href":"https:\/\/247stiri.ro\/index.php\/wp-json\/wp\/v2\/posts"}],"about":[{"href":"https:\/\/247stiri.ro\/index.php\/wp-json\/wp\/v2\/types\/post"}],"replies":[{"embeddable":true,"href":"https:\/\/247stiri.ro\/index.php\/wp-json\/wp\/v2\/comments?post=51203"}],"version-history":[{"count":0,"href":"https:\/\/247stiri.ro\/index.php\/wp-json\/wp\/v2\/posts\/51203\/revisions"}],"wp:featuredmedia":[{"embeddable":true,"href":"https:\/\/247stiri.ro\/index.php\/wp-json\/wp\/v2\/media\/51199"}],"wp:attachment":[{"href":"https:\/\/247stiri.ro\/index.php\/wp-json\/wp\/v2\/media?parent=51203"}],"wp:term":[{"taxonomy":"category","embeddable":true,"href":"https:\/\/247stiri.ro\/index.php\/wp-json\/wp\/v2\/categories?post=51203"},{"taxonomy":"post_tag","embeddable":true,"href":"https:\/\/247stiri.ro\/index.php\/wp-json\/wp\/v2\/tags?post=51203"}],"curies":[{"name":"wp","href":"https:\/\/api.w.org\/{rel}","templated":true}]}}