{"id":51232,"date":"2025-12-11T09:44:55","date_gmt":"2025-12-11T09:44:55","guid":{"rendered":"https:\/\/247stiri.ro\/index.php\/2025\/12\/11\/rezistii-din-jaful-vaccinurilor-protejati-cu-ancheta-la-sertar-controversatul-dosar-blocat-la-2-ani-de-la-punerea-sub-acuzare\/"},"modified":"2025-12-11T09:44:55","modified_gmt":"2025-12-11T09:44:55","slug":"rezistii-din-jaful-vaccinurilor-protejati-cu-ancheta-la-sertar-controversatul-dosar-blocat-la-2-ani-de-la-punerea-sub-acuzare","status":"publish","type":"post","link":"https:\/\/247stiri.ro\/index.php\/2025\/12\/11\/rezistii-din-jaful-vaccinurilor-protejati-cu-ancheta-la-sertar-controversatul-dosar-blocat-la-2-ani-de-la-punerea-sub-acuzare\/","title":{"rendered":"Rezi\u0219tii din jaful vaccinurilor, proteja\u021bi cu ancheta la sertar. Controversatul dosar, blocat la 2 ani de la punerea sub acuzare"},"content":{"rendered":"<p>Ancheta privind dosarul vaccinurilor a pornit \u00een 2023, fiind instrumentat de c\u0103tre procurorii Direc\u021biei Na\u021bionale Anticorup\u021bie, \u00een care sunt implicate mai multe persoane aflate \u00een func\u021bii-cheie la momentul respectiv: Vlad Voiculescu, Andrei Baciu, dar de asemenea Ioana Mih\u0103il\u0103 \u0219i Florin C\u00e2\u021bu.<\/p>\n<p>To\u021bi au fost pu\u0219i sub acuzare exact acum doi ani. \u00cen aceste momente se pare c\u0103 ancheta penal\u0103 stagneaz\u0103, nici m\u0103car nu a ajuns spre finalizare, mai mult dec\u00e2t at\u00e2t, nici m\u0103car nu a fost trimis\u0103 \u00een judecat\u0103 pe masa judec\u0103torilor.<\/p>\n<p>Pentru a se finaliza acest dosar extrem de important \u0219i controversat, este vorba despre mai multe acuza\u021bii grave, respectiv abuz \u00een serviciu cu consecin\u021be deosebit de grave \u0219i complicitate la abuz \u00een serviciu.<\/p>\n<p>Mai mult dec\u00e2t at\u00e2t, cu toate c\u0103 este implicat \u00eentr-un scandal penal, \u00eentr-un dosar penal cu a\u0219a mare greutate, Vlad Voiculescu s-a al\u0103turat de cur\u00e2nd echipei de consilieri onorifici ai Cancelariei administra\u021biei preziden\u021biale pentru pre\u0219edintele Nicu\u0219or Dan.<\/p>\n<p>\u00cen acela\u0219i timp, conform Direc\u021biei Na\u021bionale Anticorup\u021bie, achizi\u021biile ar fi dep\u0103\u0219it aten\u021bie peste 50 de milioane de doze, care ar fi costat la momentul respectiv aproape un miliard de euro.<\/p>\n<p>Lucruri care \u00een continuare sunt puse sub semnul \u00eentreb\u0103rii \u00een cadrul acestui dosar, nici m\u0103car nu a fost finalizat\u0103 ancheta penal\u0103 \u0219i nici m\u0103car nu a ajuns \u00een justi\u021bie pentru a fi dosarul judecat \u0219i, de asemenea, se \u00eencheie poate probabil cu o condamnare.<\/p>","protected":false},"excerpt":{"rendered":"<p>Ancheta privind dosarul vaccinurilor a pornit \u00een 2023, fiind instrumentat de c\u0103tre procurorii Direc\u021biei Na\u021bionale&hellip;<\/p>\n","protected":false},"author":0,"featured_media":51231,"comment_status":"open","ping_status":"open","sticky":false,"template":"","format":"standard","meta":{"footnotes":""},"categories":[2],"tags":[],"class_list":["post-51232","post","type-post","status-publish","format-standard","has-post-thumbnail","hentry","category-actual"],"_links":{"self":[{"href":"https:\/\/247stiri.ro\/index.php\/wp-json\/wp\/v2\/posts\/51232","targetHints":{"allow":["GET"]}}],"collection":[{"href":"https:\/\/247stiri.ro\/index.php\/wp-json\/wp\/v2\/posts"}],"about":[{"href":"https:\/\/247stiri.ro\/index.php\/wp-json\/wp\/v2\/types\/post"}],"replies":[{"embeddable":true,"href":"https:\/\/247stiri.ro\/index.php\/wp-json\/wp\/v2\/comments?post=51232"}],"version-history":[{"count":0,"href":"https:\/\/247stiri.ro\/index.php\/wp-json\/wp\/v2\/posts\/51232\/revisions"}],"wp:featuredmedia":[{"embeddable":true,"href":"https:\/\/247stiri.ro\/index.php\/wp-json\/wp\/v2\/media\/51231"}],"wp:attachment":[{"href":"https:\/\/247stiri.ro\/index.php\/wp-json\/wp\/v2\/media?parent=51232"}],"wp:term":[{"taxonomy":"category","embeddable":true,"href":"https:\/\/247stiri.ro\/index.php\/wp-json\/wp\/v2\/categories?post=51232"},{"taxonomy":"post_tag","embeddable":true,"href":"https:\/\/247stiri.ro\/index.php\/wp-json\/wp\/v2\/tags?post=51232"}],"curies":[{"name":"wp","href":"https:\/\/api.w.org\/{rel}","templated":true}]}}