{"id":51233,"date":"2025-12-11T09:44:56","date_gmt":"2025-12-11T09:44:56","guid":{"rendered":"https:\/\/247stiri.ro\/index.php\/2025\/12\/11\/declaratii-explozive-ale-ancai-alexandrescu-despre-scandalul-recorder-reteaua-kovesi-soros-s-a-activat-pentru-a-l-scapa-pe-coldea-de-puscarie\/"},"modified":"2025-12-11T09:44:56","modified_gmt":"2025-12-11T09:44:56","slug":"declaratii-explozive-ale-ancai-alexandrescu-despre-scandalul-recorder-reteaua-kovesi-soros-s-a-activat-pentru-a-l-scapa-pe-coldea-de-puscarie","status":"publish","type":"post","link":"https:\/\/247stiri.ro\/index.php\/2025\/12\/11\/declaratii-explozive-ale-ancai-alexandrescu-despre-scandalul-recorder-reteaua-kovesi-soros-s-a-activat-pentru-a-l-scapa-pe-coldea-de-puscarie\/","title":{"rendered":"Declara\u021bii explozive ale Anc\u0103i Alexandrescu despre scandalul Recorder: \u201eRe\u021beaua Kovesi\u2013Soros s-a activat pentru a-l sc\u0103pa pe Coldea de pu\u0219c\u0103rie\u201d"},"content":{"rendered":"<p>\u201eEste clar c\u0103 Ilie Bolojan se pozi\u021bioneaz\u0103 diferit fa\u021b\u0103 de Nicu\u0219or Dan \u00een scandalul declan\u0219at de a\u0219a-zisul documentar Recorder. Se \u0219tie ce leg\u0103tur\u0103 are Bolojan cu Kovesi, iar acum c\u0103 i se termin\u0103 mandatul la Bruxelles e posibil s\u0103 i se preg\u0103teasc\u0103 un covor ro\u0219u la Bucure\u0219ti. Lui Bolojan i-ar conveni s\u0103 revin\u0103 pe o func\u021bie \u00eenalt\u0103, lui Nicu\u0219or Dan, nu\u201d, a afirmat Anca Alexandrescu, \u00eentr-o interven\u021bie \u00een exclusivitate la Realitatea Plus.<\/p>\n<p>Realizatoarea sus\u021bine c\u0103 impactul materialului Recorder ar fi fost amplificat de o re\u021bea mediatic\u0103 cu interese precise: \u201eTo\u021bi cei care popularizeaz\u0103 acest a\u0219a-zis documentar fac parte din re\u021beaua de pres\u0103 Kovesi\u2013Coldea, sunt jurnali\u0219ti care ani de zile au primit pe surse ce s\u0103 scrie, sunt dovedite cu mail-uri, cu documente. Aceast\u0103 re\u021bea s-a activat pentru a-l sc\u0103pa pe Coldea de pu\u0219c\u0103rie.\u201d<\/p>\n<p>Alexandrescu afirm\u0103 c\u0103 pentru a-\u0219i atinge scopul de a-l scoate basma curat\u0103 pe generalul statului paralel, institu\u021bDe altfel, realizatoarea emisiunii Culisele Statului Paralel a argumentat c\u0103 modul \u00een care jurnali\u0219tii Recorder s-au raportat la informa\u021biile sensibile la adresa lui Coldea arat\u0103 c\u00e2t se poate de clar de partea cui sunt.ia care-i gestioneaz\u0103 cazul trebuie destructurat\u0103 la v\u00e2rf: \u201eDe la DNA trebuie s\u0103 plece Voineag, pentru c\u0103 mai exist\u0103 c\u00e2teva dosare care \u00eel vizeaz\u0103 pe Coldea.\u201d<\/p>\n<p>De altfel, realizatoarea emisiunii Culisle Statului Paralel a argumentat c\u0103 modul \u00een care jurnalil\u0219tii Recordder s-auu rapostat la informa\u021b\u0219iile senzibile la adresa lui Coldea arat\u0103 c\u00e2t se poate de clar de partea cui sunt. \u201eAm c\u0103utat s\u0103 v\u0103d ce a relatat Recorder despre cazul Coldea: am g\u0103sit o \u0219tire seac\u0103 din luna mai \u0219i o alta, la fel de seac\u0103, \u00een care se pune la \u00eendoial\u0103 credibilitatea martorilor care au depus m\u0103rturie \u00eempotriva generalului \u0219i este atacat\u0103 Realitatea Plus.\u201d<\/p>\n<p>Realizatoarea lanseaz\u0103 o provocare direct\u0103: \u201e\u00cei invit pe cei de la Recorder, dar \u0219i pe cei care \u00eei sus\u021bin \u0219i \u00ee\u0219i rup hainele de pe ei, s\u0103 vin\u0103 la o dezbatere la Realitatea Plus, s\u0103 discut\u0103m despre dosarele lui Coldea, despre dosarele celor de la USR care sunt \u00eengropate \u0219i nimeni nu mai vorbe\u0219te.\u201d<\/p>\n<p>\u00cen opinia ei, reac\u021biile politice din ultimele zile ar avea o explica\u021bie clar\u0103: \u201eEste foarte clar c\u0103 dup\u0103 \u00eenfr\u00e2ngerea ru\u0219inoas\u0103 de la Prim\u0103ria Capitalei \u0219i seria lung\u0103 de e\u0219ecuri, rezi\u0219tii Mo\u0219teanu, Buzianu \u0219i Muraru au nevoie s\u0103 fie sp\u0103la\u021bi.\u201d<\/p>\n<p>Anca Alexandrescu despre descinderile la firmele lui \u021airiac:\u201eSe \u00eent\u00e2mpl\u0103 ni\u0219te rea\u0219ez\u0103ri \u00een sistem\u201d<\/p>\n<p>Alexandrescu comenteaz\u0103 \u0219i perchezi\u021biile la firmnele lui Ion \u021airiac, \u00een urma sesiz\u0103rilor f\u0103cute de europarlamentarul Drago\u0219 P\u00eeslaru la Parchetul European: \u201eToat\u0103 lumea se \u00eentreab\u0103 de ce P\u00eeslaru a sesizat Parchetul European. El este unul dintre sus\u021bin\u0103torii lui Ciprian Ciucu, despre care am ar\u0103tat c\u0103 a devenit primar general cu ajutorul re\u021belei Soros.\u201d<\/p>\n<p>\u201eEste clar c\u0103 se \u00eent\u00e2mpl\u0103 ni\u0219te rea\u0219ez\u0103ri \u00een sistem, este clar c\u0103 Nicu\u0219or Dan ar fi acuzat c\u0103 a r\u0103mas ancorat \u00een vechiul sistem, c\u0103 nu a schimbat ni\u0219te personaje, c\u0103 nu a numit \u0219efii serviciilor \u0219i pozi\u021bionarea sa fa\u021b\u0103 de ancheta Recorder nu a fost pe placul celor care l-au sus\u021binut.\u201d<\/p>\n<p>Joi sear\u0103, de la ora 21:00, Anca Alexandrescu va prezenta noi probe zdrobitoare legate de caracati\u021ba intereselor Statului Paralel care se ascund \u00een spatrele a\u0219a-zisei anchete Recorder.<\/p>","protected":false},"excerpt":{"rendered":"<p>\u201eEste clar c\u0103 Ilie Bolojan se pozi\u021bioneaz\u0103 diferit fa\u021b\u0103 de Nicu\u0219or Dan \u00een scandalul declan\u0219at&hellip;<\/p>\n","protected":false},"author":0,"featured_media":51234,"comment_status":"open","ping_status":"open","sticky":false,"template":"","format":"standard","meta":{"footnotes":""},"categories":[2],"tags":[],"class_list":["post-51233","post","type-post","status-publish","format-standard","has-post-thumbnail","hentry","category-actual"],"_links":{"self":[{"href":"https:\/\/247stiri.ro\/index.php\/wp-json\/wp\/v2\/posts\/51233","targetHints":{"allow":["GET"]}}],"collection":[{"href":"https:\/\/247stiri.ro\/index.php\/wp-json\/wp\/v2\/posts"}],"about":[{"href":"https:\/\/247stiri.ro\/index.php\/wp-json\/wp\/v2\/types\/post"}],"replies":[{"embeddable":true,"href":"https:\/\/247stiri.ro\/index.php\/wp-json\/wp\/v2\/comments?post=51233"}],"version-history":[{"count":0,"href":"https:\/\/247stiri.ro\/index.php\/wp-json\/wp\/v2\/posts\/51233\/revisions"}],"wp:featuredmedia":[{"embeddable":true,"href":"https:\/\/247stiri.ro\/index.php\/wp-json\/wp\/v2\/media\/51234"}],"wp:attachment":[{"href":"https:\/\/247stiri.ro\/index.php\/wp-json\/wp\/v2\/media?parent=51233"}],"wp:term":[{"taxonomy":"category","embeddable":true,"href":"https:\/\/247stiri.ro\/index.php\/wp-json\/wp\/v2\/categories?post=51233"},{"taxonomy":"post_tag","embeddable":true,"href":"https:\/\/247stiri.ro\/index.php\/wp-json\/wp\/v2\/tags?post=51233"}],"curies":[{"name":"wp","href":"https:\/\/api.w.org\/{rel}","templated":true}]}}