{"id":51237,"date":"2025-12-11T09:44:58","date_gmt":"2025-12-11T09:44:58","guid":{"rendered":"https:\/\/247stiri.ro\/index.php\/2025\/12\/11\/scandal-la-varsovia-liderii-opozitiei-dau-vina-pe-tusk-pentru-absenta-poloniei-de-la-ultimele-summituri-pentru-ucraina-americanii-nu-ne-vor-liderii-europeni-nu-ne-vor\/"},"modified":"2025-12-11T09:44:58","modified_gmt":"2025-12-11T09:44:58","slug":"scandal-la-varsovia-liderii-opozitiei-dau-vina-pe-tusk-pentru-absenta-poloniei-de-la-ultimele-summituri-pentru-ucraina-americanii-nu-ne-vor-liderii-europeni-nu-ne-vor","status":"publish","type":"post","link":"https:\/\/247stiri.ro\/index.php\/2025\/12\/11\/scandal-la-varsovia-liderii-opozitiei-dau-vina-pe-tusk-pentru-absenta-poloniei-de-la-ultimele-summituri-pentru-ucraina-americanii-nu-ne-vor-liderii-europeni-nu-ne-vor\/","title":{"rendered":"Scandal la Var\u0219ovia. Liderii opozi\u021biei dau vina pe Tusk pentru absen\u021ba Poloniei de la ultimele summituri pentru Ucraina: \u201eAmericanii nu ne vor, liderii europeni nu ne vor\u201d"},"content":{"rendered":"<p>Absen\u021ba a st\u00e2rnit critici virulente din partea opozi\u021biei, care \u00eel acuz\u0103 pe premierul Donald Tusk de incompeten\u021b\u0103 diplomatic\u0103, \u00een timp ce guvernul minimizeaz\u0103 incidentul, conform <a href=\"https:\/\/www.politico.eu\/article\/poland-ukraine-peace-talks-nato-germany-france-uk-europe\/\" target=\"_blank\">Politico<\/a>.\u200b<\/p>\n<p>Premierul Tusk a ironizat situa\u021bia, declar\u00e2nd la Berlin c\u0103 \u201enu toat\u0103 lumea din Washington \u2013 \u0219i cu siguran\u021b\u0103 nimeni din Moscova \u2013 dore\u0219te ca Polonia s\u0103 fie prezent\u0103 peste tot\u201d \u0219i c\u0103 absen\u021ba reflect\u0103 pozi\u021bia ferm\u0103 a Var\u0219oviei pro-Kiev, pe care o consider\u0103 un compliment.<\/p>\n<p>Purt\u0103torul de cuv\u00e2nt Adam Szlapka a precizat c\u0103 formatul a fost propus de Keir Starmer \u0219i c\u0103 Polonia nu particip\u0103 la toate reuniunile, exist\u00e2nd zeci de formate similare.<\/p>\n<p>Opozi\u021bia, prin senatorul Marek P\u0119k, l-a numit pe Tusk \u201epolitician de m\u00e2na a doua \u00een Europa\u201d. \u0219i c\u0103 \u201eabsen\u021ba Poloniei la Londra este \u00eenc\u0103 un exemplu al incompeten\u021bei lui Donald Tusk\u201d.<\/p>\n<p>Var\u0219ovia g\u0103zduie\u0219te un milion de refugia\u021bi ucraineni, serve\u0219te ca hub logistic principal \u0219i cheltuie\u0219te cel mai mult pe cap de locuitor pentru ap\u0103rare \u00een NATO, planific\u00e2nd dublarea efectivului militar la 500.000 de solda\u021bi.<\/p>\n<p>Fostul premier Leszek Miller s-a \u00eentrebat retoric: \u201eAmericanii nu ne vor, liderii europeni nu ne vor, Kievul nu ne vrea \u2013 atunci cine ne vrea?\u201d, cer\u00e2nd s\u0103 \u00eenceteze pref\u0103c\u0103toria. Fostul pre\u0219edinte Bronis\u0142aw Komorowski a atribuit absen\u021ba \u201ep\u0103cii reale\u201d a Poloniei, comparativ cu puterile economice majore.\u200b<\/p>\n<p>Conflictul intern agraveaz\u0103 situa\u021bia: Tusk coordoneaz\u0103 cu Europa, iar pre\u0219edintele conservator Karol Nawrocki cultiva leg\u0103turi cu administra\u021bia Trump la Washington, vorbind de o \u201evoce independent\u0103\u201d polonez\u0103.<\/p>\n<p>Un diplomat occidental a subliniat: \u201eProblema este s\u0103 \u0219tim cine vorbe\u0219te \u00een numele Poloniei\u201d, de\u0219i ambele tabere \u00eemp\u0103rt\u0103\u0219esc o linie dur\u0103 anti-Rusia.<\/p>","protected":false},"excerpt":{"rendered":"<p>Absen\u021ba a st\u00e2rnit critici virulente din partea opozi\u021biei, care \u00eel acuz\u0103 pe premierul Donald Tusk&hellip;<\/p>\n","protected":false},"author":0,"featured_media":51229,"comment_status":"open","ping_status":"open","sticky":false,"template":"","format":"standard","meta":{"footnotes":""},"categories":[2],"tags":[],"class_list":["post-51237","post","type-post","status-publish","format-standard","has-post-thumbnail","hentry","category-actual"],"_links":{"self":[{"href":"https:\/\/247stiri.ro\/index.php\/wp-json\/wp\/v2\/posts\/51237","targetHints":{"allow":["GET"]}}],"collection":[{"href":"https:\/\/247stiri.ro\/index.php\/wp-json\/wp\/v2\/posts"}],"about":[{"href":"https:\/\/247stiri.ro\/index.php\/wp-json\/wp\/v2\/types\/post"}],"replies":[{"embeddable":true,"href":"https:\/\/247stiri.ro\/index.php\/wp-json\/wp\/v2\/comments?post=51237"}],"version-history":[{"count":0,"href":"https:\/\/247stiri.ro\/index.php\/wp-json\/wp\/v2\/posts\/51237\/revisions"}],"wp:featuredmedia":[{"embeddable":true,"href":"https:\/\/247stiri.ro\/index.php\/wp-json\/wp\/v2\/media\/51229"}],"wp:attachment":[{"href":"https:\/\/247stiri.ro\/index.php\/wp-json\/wp\/v2\/media?parent=51237"}],"wp:term":[{"taxonomy":"category","embeddable":true,"href":"https:\/\/247stiri.ro\/index.php\/wp-json\/wp\/v2\/categories?post=51237"},{"taxonomy":"post_tag","embeddable":true,"href":"https:\/\/247stiri.ro\/index.php\/wp-json\/wp\/v2\/tags?post=51237"}],"curies":[{"name":"wp","href":"https:\/\/api.w.org\/{rel}","templated":true}]}}