{"id":51242,"date":"2025-12-11T10:44:53","date_gmt":"2025-12-11T10:44:53","guid":{"rendered":"https:\/\/247stiri.ro\/index.php\/2025\/12\/11\/mormantul-lui-mircea-cel-batran-de-la-cozia-a-fost-redeschis-dupa-100-de-ani\/"},"modified":"2025-12-11T10:44:53","modified_gmt":"2025-12-11T10:44:53","slug":"mormantul-lui-mircea-cel-batran-de-la-cozia-a-fost-redeschis-dupa-100-de-ani","status":"publish","type":"post","link":"https:\/\/247stiri.ro\/index.php\/2025\/12\/11\/mormantul-lui-mircea-cel-batran-de-la-cozia-a-fost-redeschis-dupa-100-de-ani\/","title":{"rendered":"Morm\u00e2ntul lui Mircea cel B\u0103tr\u00e2n de la Cozia a fost redeschis dup\u0103 100 de ani"},"content":{"rendered":"<p>Potrivit presei, speciali\u0219ti de la Muzeul Jude\u021bean \u201eAurelian Sacerdo\u021beanu\u201d V\u00e2lcea, dar \u0219i de la Institutul de Arheologie \u201eVasile P\u00e2rvan\u201d \u0219i de la Centrul de Cercet\u0103ri Antropologice \u0219i Biomedicale \u201eOlga Necrasov\u201d din cadrul Filialei Ia\u0219i a Academiei Rom\u00e2ne particip\u0103 la acest proiect de cercetare, care urm\u0103re\u0219te pe de-o parte desc\u0103rcarea de sarcin\u0103 arheologic\u0103 a monumentelor care compun ansamblu monahal din sta\u021biunea C\u0103lim\u0103ne\u0219ti \u00een vederea restaur\u0103rii lor, iar pe de alt\u0103 parte s\u0103 verifice sarcofagul, unic \u00eentre mormintele boiere\u0219ti \u0219i domne\u0219ti din \u021bar\u0103 datorit\u0103 formei lui, \u00een condi\u021biile \u00een care exist\u0103 supozi\u021bii c\u0103 acesta ar fi fost mutat la \u00eenceputul secolului trecut.<\/p>\n<p>\u00cen arhiva Institutului Na\u021bional al Patrimoniului exist\u0103 c\u00e2teva cereri de prin 1930 de mutare a sarcofagului de la M\u00e2n\u0103stirea Cozia la Muzeul Na\u021bional de Istorie, iar arheologii vor s\u0103 vad\u0103 dac\u0103, \u00eentr-adev\u0103r, acesta a fost mutat.<\/p>\n<p>Este un sarcofag din piatr\u0103, unic \u00een Rom\u00e2nia, fiind prev\u0103zut cu o ni\u0219\u0103 cefalic\u0103, specific\u0103 mormintelor din zona Europei Apusene din perioada secolelor V-XV. d. Chr.<\/p>\n<p>Domnitorul Mircea cel B\u0103tr\u00e2n a murit la 31 ianuarie 1418 \u0219i a fost \u00eenmorm\u00e2ntat \u00een ziua de 4 februarie a aceluia\u0219i an la ctitoria lui de la C\u0103lim\u0103ne\u0219ti, a\u0219a cum \u0219i-a dorit. \u00cen decursul anilor, morm\u00e2ntul lui a fost \u00eens\u0103 profanat de mai multe ori, la fel ca \u0219i biserica \u00een care se afl\u0103 acesta.<\/p>\n<p>A\u0219ez\u0103m\u00e2ntul monahal a ob\u021binut de cur\u00e2nd o finan\u021bare nerambursabil\u0103 prin Programul Regional Sud-Vest Oltenia 2021-2027, pentru consolidarea, conservarea, restaurarea \u0219i punerea \u00een valoare a monumentelor care o compun, scopul investi\u021biei fiind acela de a cre\u0219te num\u0103rul vizitatorilor cu cel pu\u021bin 10%.<\/p>\n<p>\u00a0<\/p>","protected":false},"excerpt":{"rendered":"<p>Potrivit presei, speciali\u0219ti de la Muzeul Jude\u021bean \u201eAurelian Sacerdo\u021beanu\u201d V\u00e2lcea, dar \u0219i de la Institutul&hellip;<\/p>\n","protected":false},"author":0,"featured_media":51239,"comment_status":"open","ping_status":"open","sticky":false,"template":"","format":"standard","meta":{"footnotes":""},"categories":[2],"tags":[],"class_list":["post-51242","post","type-post","status-publish","format-standard","has-post-thumbnail","hentry","category-actual"],"_links":{"self":[{"href":"https:\/\/247stiri.ro\/index.php\/wp-json\/wp\/v2\/posts\/51242","targetHints":{"allow":["GET"]}}],"collection":[{"href":"https:\/\/247stiri.ro\/index.php\/wp-json\/wp\/v2\/posts"}],"about":[{"href":"https:\/\/247stiri.ro\/index.php\/wp-json\/wp\/v2\/types\/post"}],"replies":[{"embeddable":true,"href":"https:\/\/247stiri.ro\/index.php\/wp-json\/wp\/v2\/comments?post=51242"}],"version-history":[{"count":0,"href":"https:\/\/247stiri.ro\/index.php\/wp-json\/wp\/v2\/posts\/51242\/revisions"}],"wp:featuredmedia":[{"embeddable":true,"href":"https:\/\/247stiri.ro\/index.php\/wp-json\/wp\/v2\/media\/51239"}],"wp:attachment":[{"href":"https:\/\/247stiri.ro\/index.php\/wp-json\/wp\/v2\/media?parent=51242"}],"wp:term":[{"taxonomy":"category","embeddable":true,"href":"https:\/\/247stiri.ro\/index.php\/wp-json\/wp\/v2\/categories?post=51242"},{"taxonomy":"post_tag","embeddable":true,"href":"https:\/\/247stiri.ro\/index.php\/wp-json\/wp\/v2\/tags?post=51242"}],"curies":[{"name":"wp","href":"https:\/\/api.w.org\/{rel}","templated":true}]}}