{"id":51243,"date":"2025-12-11T10:44:54","date_gmt":"2025-12-11T10:44:54","guid":{"rendered":"https:\/\/247stiri.ro\/index.php\/2025\/12\/11\/ministrul-justitiei-despre-revocarea-lui-marius-voineag-propusa-de-catre-usr-solicitarea-trebuie-analizata-pe-baza-de-probe-nu-instrumentalizata-politic\/"},"modified":"2025-12-11T10:44:54","modified_gmt":"2025-12-11T10:44:54","slug":"ministrul-justitiei-despre-revocarea-lui-marius-voineag-propusa-de-catre-usr-solicitarea-trebuie-analizata-pe-baza-de-probe-nu-instrumentalizata-politic","status":"publish","type":"post","link":"https:\/\/247stiri.ro\/index.php\/2025\/12\/11\/ministrul-justitiei-despre-revocarea-lui-marius-voineag-propusa-de-catre-usr-solicitarea-trebuie-analizata-pe-baza-de-probe-nu-instrumentalizata-politic\/","title":{"rendered":"Ministrul Justi\u021biei, despre revocarea lui Marius Voineag propus\u0103 de c\u0103tre USR: \u201eSolicitarea trebuie analizat\u0103 pe baza de probe, nu instrumentalizat\u0103 politic\u201d"},"content":{"rendered":"<p class=\"my-2 [&amp;+p]:mt-4 [&amp;_strong:has(+br)]:inline-block [&amp;_strong:has(+br)]:pb-2\">Reac\u021bia sa vine \u00een contextul solicit\u0103rii formulate de USR privind revocarea unui procuror-\u0219ef aflat la final de mandat.<\/p>\n<p class=\"my-2 [&amp;+p]:mt-4 [&amp;_strong:has(+br)]:inline-block [&amp;_strong:has(+br)]:pb-2\">Marinescu a mai ad\u0103ugat c\u0103 nu accept\u0103 \u201einstrumentalizarea politic\u0103 sau retoric\u0103\u201d a unor asemenea chestiuni \u0219i a cerut USR s\u0103 prezinte \u201eprobe concrete\u201d, dac\u0103 acestea exist\u0103, pentru a putea evalua obiectiv situa\u021bia.<\/p>\n<p class=\"my-2 [&amp;+p]:mt-4 [&amp;_strong:has(+br)]:inline-block [&amp;_strong:has(+br)]:pb-2\">Referindu-se la Legile Justi\u021biei adoptate \u00een 2022, Marinescu a amintit c\u0103 acestea au fost \u201eevaluat pozitiv de Comisia European\u0103\u201d \u0219i fac parte din jaloanele PNRR. \u201eOrice discu\u021bie despre modificarea acestor legi trebuie justificat\u0103 concret \u0219i prezentat\u0103 Comisiei Europene, pentru c\u0103 are impact direct asupra perspectivelor europene ale Rom\u00e2niei\u201d, a mai spus ministrul.<\/p>\n<p>\u201e\u00cen primul r\u00e2nd, a\u0219 vrea s\u0103 v\u0103 spun c\u0103 orice fel de investiga\u021bie \u0219i de demers jurnalistic trebuie tratat prin analiza concret\u0103 a situa\u021biilor semnalate pe baza de probe \u0219i apoi prezentate concluziile pe care societatea le a\u0219teapt\u0103.<\/p>\n<p>O solicitare de revocare a unui procuror-\u0219ef aflat la sf\u00e2r\u0219itul mandatului \u0219i ap\u0103rut\u0103 din partea USR trebuie analizat\u0103 \u0219i precizat c\u0103 orice fel de astfel de demers are ni\u0219te condi\u021bionalit\u0103\u021bi legale foarte stricte \u0219i presupune fie stabilirea unei grave erori manageriale de ansamblu a procurorului-\u0219ef, fie stabilirea unor ipoteze concrete cu grav\u0103 neglijen\u021b\u0103 sau cu v\u0103dit\u0103 inten\u021bie \u00een exercitarea defectuoas\u0103 a atribu\u021biilor sale.<\/p>\n<p>Astfel de chestiuni nu pot fi instrumentalizate politic sau retoric, ele trebuie s\u0103 fie dovedite \u0219i dac\u0103 USR are astfel de elemente concrete \u0219i de dovezi, bine\u00een\u021beles c\u0103 le a\u0219tept pentru a evalua o astfel de abordare. Eu apreciez c\u0103 orice discu\u021bie cu privire la sistemul judiciar trebuie f\u0103cut\u0103 deschis, transparent, onest, \u00eens\u0103 \u0219i foarte responsabil, pentru c\u0103 vorbim de institu\u021bii esen\u021biale \u00een statul de drept \u0219i atunci trebuie s\u0103 ac\u021bion\u0103m legal \u0219i responsabil.<\/p>\n<p>De aceea v\u0103 spuneam anterior c\u0103 orice discu\u021bie despre organizarea sistemului judiciar \u0219i func\u021bionarea sistemului judiciar este corect s\u0103 fie f\u0103cut\u0103, dar trebuie f\u0103cut\u0103 foarte responsabil.<\/p>\n<p>Legile justi\u021biei adoptate \u00een 2022 au fost \u00eenscrise de c\u0103tre cei care la momentul respectiv au elaborat acest PNRR ca un jalon gestionat de Ministerul Justi\u021biei, apreciat a fi \u00eendeplinit, care a primit \u0219i o evaluare pozitiv\u0103 din partea Comisiei Europene \u0219i pentru care acum ar trebui s\u0103 ob\u021binem bani europeni.<\/p>\n<p>Acest jalon presupune o stabilitate \u0219i orice fel de discu\u021bie despre schimbarea acestor legi trebuie f\u0103cut\u0103 prin explica\u021bii concrete \u0219i justificate, prezentate \u0219i Comisiei Europene. Deci aceste discu\u021bii pe care le purt\u0103m au capacitatea de a reverbera \u0219i \u00een privin\u021ba perspectivelor europene.\u201d, a declarat Radu Marinescu, ministrul Justi\u021biei, la Realitatea Plus.<\/p>","protected":false},"excerpt":{"rendered":"<p>Reac\u021bia sa vine \u00een contextul solicit\u0103rii formulate de USR privind revocarea unui procuror-\u0219ef aflat la&hellip;<\/p>\n","protected":false},"author":0,"featured_media":51241,"comment_status":"open","ping_status":"open","sticky":false,"template":"","format":"standard","meta":{"footnotes":""},"categories":[2],"tags":[],"class_list":["post-51243","post","type-post","status-publish","format-standard","has-post-thumbnail","hentry","category-actual"],"_links":{"self":[{"href":"https:\/\/247stiri.ro\/index.php\/wp-json\/wp\/v2\/posts\/51243","targetHints":{"allow":["GET"]}}],"collection":[{"href":"https:\/\/247stiri.ro\/index.php\/wp-json\/wp\/v2\/posts"}],"about":[{"href":"https:\/\/247stiri.ro\/index.php\/wp-json\/wp\/v2\/types\/post"}],"replies":[{"embeddable":true,"href":"https:\/\/247stiri.ro\/index.php\/wp-json\/wp\/v2\/comments?post=51243"}],"version-history":[{"count":0,"href":"https:\/\/247stiri.ro\/index.php\/wp-json\/wp\/v2\/posts\/51243\/revisions"}],"wp:featuredmedia":[{"embeddable":true,"href":"https:\/\/247stiri.ro\/index.php\/wp-json\/wp\/v2\/media\/51241"}],"wp:attachment":[{"href":"https:\/\/247stiri.ro\/index.php\/wp-json\/wp\/v2\/media?parent=51243"}],"wp:term":[{"taxonomy":"category","embeddable":true,"href":"https:\/\/247stiri.ro\/index.php\/wp-json\/wp\/v2\/categories?post=51243"},{"taxonomy":"post_tag","embeddable":true,"href":"https:\/\/247stiri.ro\/index.php\/wp-json\/wp\/v2\/tags?post=51243"}],"curies":[{"name":"wp","href":"https:\/\/api.w.org\/{rel}","templated":true}]}}