{"id":51246,"date":"2025-12-11T10:44:55","date_gmt":"2025-12-11T10:44:55","guid":{"rendered":"https:\/\/247stiri.ro\/index.php\/2025\/12\/11\/elevii-si-profesorii-de-la-un-liceu-din-sibiu-evacuati-dupa-ce-s-a-declansat-alarma-de-gaz-traficul-in-zona-a-fost-restrictionat\/"},"modified":"2025-12-11T10:44:55","modified_gmt":"2025-12-11T10:44:55","slug":"elevii-si-profesorii-de-la-un-liceu-din-sibiu-evacuati-dupa-ce-s-a-declansat-alarma-de-gaz-traficul-in-zona-a-fost-restrictionat","status":"publish","type":"post","link":"https:\/\/247stiri.ro\/index.php\/2025\/12\/11\/elevii-si-profesorii-de-la-un-liceu-din-sibiu-evacuati-dupa-ce-s-a-declansat-alarma-de-gaz-traficul-in-zona-a-fost-restrictionat\/","title":{"rendered":"Elevii \u015fi profesorii de la un liceu din Sibiu, evacua\u0163i dup\u0103 ce s-a declan\u015fat alarma de gaz. Traficul \u00een zon\u0103 a fost restric\u0163ionat"},"content":{"rendered":"<p>Conform IPJ Sibiu traficul rutier este restric\u021bionat, iar elevii \u0219i profesorii de la liceul Andrei \u0218aguna din municipiul Sibiu au fost evacua\u021bi, dup\u0103 ce alarma de gaze sinn incinta cl\u0103dirii a pornit.\u00a0UPDATE\u00a0&#8211; Potrivit IPJ Sibiu, traficul rutier este restric\u0163ionat pe str\u0103zile Andrei \u015eaguna &#8211; Mitropoliei &#8211; Ioan Lupa\u015f din municipiul Sibiu, pentru a asigura interven\u0163ia autospecialelor care ac\u0163ioneaz\u0103 \u00een cadrul unei unit\u0103\u0163i de \u00eenv\u0103\u0163\u0103m\u00e2nt, unde a pornit alarma de gaz.\u00a0Echipele de interven\u021bie s-au mobilizat la fa\u021ba locului pentru a interveni, conform sursei.\u00a0\u00a0\u015eTIREA INI\u0162IAL\u0102\u00a0&#8211; \u201dISU Sibiu intervine de urgen\u0163\u0103 la o unitate de \u00eenv\u0103\u0163\u0103m\u00e2nt de pe strada Mitropoliei din municipiul Sibiu \u00eentruc\u00e2t a pornit alarma de gaz. La fa\u0163a locului sunt mobilizate o autospecial\u0103 de stingere \u015fi un echipaj SMURD\u201d, a transmis ISU Sibiu.\u00a0<\/p>","protected":false},"excerpt":{"rendered":"<p>Conform IPJ Sibiu traficul rutier este restric\u021bionat, iar elevii \u0219i profesorii de la liceul Andrei&hellip;<\/p>\n","protected":false},"author":0,"featured_media":51247,"comment_status":"open","ping_status":"open","sticky":false,"template":"","format":"standard","meta":{"footnotes":""},"categories":[2],"tags":[],"class_list":["post-51246","post","type-post","status-publish","format-standard","has-post-thumbnail","hentry","category-actual"],"_links":{"self":[{"href":"https:\/\/247stiri.ro\/index.php\/wp-json\/wp\/v2\/posts\/51246","targetHints":{"allow":["GET"]}}],"collection":[{"href":"https:\/\/247stiri.ro\/index.php\/wp-json\/wp\/v2\/posts"}],"about":[{"href":"https:\/\/247stiri.ro\/index.php\/wp-json\/wp\/v2\/types\/post"}],"replies":[{"embeddable":true,"href":"https:\/\/247stiri.ro\/index.php\/wp-json\/wp\/v2\/comments?post=51246"}],"version-history":[{"count":0,"href":"https:\/\/247stiri.ro\/index.php\/wp-json\/wp\/v2\/posts\/51246\/revisions"}],"wp:featuredmedia":[{"embeddable":true,"href":"https:\/\/247stiri.ro\/index.php\/wp-json\/wp\/v2\/media\/51247"}],"wp:attachment":[{"href":"https:\/\/247stiri.ro\/index.php\/wp-json\/wp\/v2\/media?parent=51246"}],"wp:term":[{"taxonomy":"category","embeddable":true,"href":"https:\/\/247stiri.ro\/index.php\/wp-json\/wp\/v2\/categories?post=51246"},{"taxonomy":"post_tag","embeddable":true,"href":"https:\/\/247stiri.ro\/index.php\/wp-json\/wp\/v2\/tags?post=51246"}],"curies":[{"name":"wp","href":"https:\/\/api.w.org\/{rel}","templated":true}]}}