{"id":51252,"date":"2025-12-11T11:45:58","date_gmt":"2025-12-11T11:45:58","guid":{"rendered":"https:\/\/247stiri.ro\/index.php\/2025\/12\/11\/fostul-presedinte-emil-constantinescu-acuzatii-grave-din-orasul-lui-bolojan-romania-nu-este-intr-o-criza-economica-ci-morala\/"},"modified":"2025-12-11T11:45:58","modified_gmt":"2025-12-11T11:45:58","slug":"fostul-presedinte-emil-constantinescu-acuzatii-grave-din-orasul-lui-bolojan-romania-nu-este-intr-o-criza-economica-ci-morala","status":"publish","type":"post","link":"https:\/\/247stiri.ro\/index.php\/2025\/12\/11\/fostul-presedinte-emil-constantinescu-acuzatii-grave-din-orasul-lui-bolojan-romania-nu-este-intr-o-criza-economica-ci-morala\/","title":{"rendered":"Fostul pre\u0219edinte Emil Constantinescu, acuza\u021bii grave din ora\u0219ul lui Bolojan: \u201eRom\u00e2nia nu este \u00eentr-o criz\u0103 economic\u0103, ci moral\u0103\u201d"},"content":{"rendered":"<p>\u00cen ciuda v\u00e2rstei de 86 de ani, fostul pre\u0219edinte al Rom\u00e2niei din perioada 1996 &#8211; 2000 a conferen\u021biat circa trei ore st\u00e2nd aproape tot timpul \u00een picioare \u00een fa\u021ba unei asisten\u021be de 150 de persoane, \u00een mare parte studen\u021bi, potrivit Bihoreanul. \u00cen mod surprinz\u0103tor, acesta a sus\u021binut c\u0103 Rom\u00e2nia are nevoie mai cur\u00e2nd de o reconstruc\u021bie cultural\u0103 dec\u00e2t una politic\u0103 sau economic\u0103.<\/p>\n<p>\u201eRom\u00e2nia nu trece printr-o criz\u0103 financiar\u0103. Este ridicol! E doar un obiect de disput\u0103 la televizor ca s\u0103 avem reclame \u0219i s\u0103 instaur\u0103m frica \u00een popula\u021bie\u201d, a spus Constantinescu.<\/p>\n<p>Acesta a adus \u0219i argumente. \u201eRom\u00e2nia nu este \u00eentr-o criz\u0103 economic\u0103 pentru c\u0103 o ajut\u0103 Uniunea European\u0103 \u0219i nu este nici \u00eentr-o criz\u0103 de securitate pentru c\u0103 o ap\u0103r\u0103 NATO. Rom\u00e2nia este \u00eentr-o profund\u0103 criz\u0103 moral\u0103\u201d, a concluzionat vorbitorul.<\/p>","protected":false},"excerpt":{"rendered":"<p>\u00cen ciuda v\u00e2rstei de 86 de ani, fostul pre\u0219edinte al Rom\u00e2niei din perioada 1996 &#8211;&hellip;<\/p>\n","protected":false},"author":0,"featured_media":51253,"comment_status":"open","ping_status":"open","sticky":false,"template":"","format":"standard","meta":{"footnotes":""},"categories":[2],"tags":[],"class_list":["post-51252","post","type-post","status-publish","format-standard","has-post-thumbnail","hentry","category-actual"],"_links":{"self":[{"href":"https:\/\/247stiri.ro\/index.php\/wp-json\/wp\/v2\/posts\/51252","targetHints":{"allow":["GET"]}}],"collection":[{"href":"https:\/\/247stiri.ro\/index.php\/wp-json\/wp\/v2\/posts"}],"about":[{"href":"https:\/\/247stiri.ro\/index.php\/wp-json\/wp\/v2\/types\/post"}],"replies":[{"embeddable":true,"href":"https:\/\/247stiri.ro\/index.php\/wp-json\/wp\/v2\/comments?post=51252"}],"version-history":[{"count":0,"href":"https:\/\/247stiri.ro\/index.php\/wp-json\/wp\/v2\/posts\/51252\/revisions"}],"wp:featuredmedia":[{"embeddable":true,"href":"https:\/\/247stiri.ro\/index.php\/wp-json\/wp\/v2\/media\/51253"}],"wp:attachment":[{"href":"https:\/\/247stiri.ro\/index.php\/wp-json\/wp\/v2\/media?parent=51252"}],"wp:term":[{"taxonomy":"category","embeddable":true,"href":"https:\/\/247stiri.ro\/index.php\/wp-json\/wp\/v2\/categories?post=51252"},{"taxonomy":"post_tag","embeddable":true,"href":"https:\/\/247stiri.ro\/index.php\/wp-json\/wp\/v2\/tags?post=51252"}],"curies":[{"name":"wp","href":"https:\/\/api.w.org\/{rel}","templated":true}]}}