{"id":51258,"date":"2025-12-11T12:44:52","date_gmt":"2025-12-11T12:44:52","guid":{"rendered":"https:\/\/247stiri.ro\/index.php\/2025\/12\/11\/fermierii-isi-pun-speranta-in-nicusor-dan-acestia-fac-apel-la-presedinte-sa-nu-promulge-legea-prin-care-cresc-impozitele-si-taxele\/"},"modified":"2025-12-11T12:44:52","modified_gmt":"2025-12-11T12:44:52","slug":"fermierii-isi-pun-speranta-in-nicusor-dan-acestia-fac-apel-la-presedinte-sa-nu-promulge-legea-prin-care-cresc-impozitele-si-taxele","status":"publish","type":"post","link":"https:\/\/247stiri.ro\/index.php\/2025\/12\/11\/fermierii-isi-pun-speranta-in-nicusor-dan-acestia-fac-apel-la-presedinte-sa-nu-promulge-legea-prin-care-cresc-impozitele-si-taxele\/","title":{"rendered":"Fermierii \u00ee\u0219i pun speran\u021ba \u00een Nicu\u0219or Dan. Ace\u0219tia fac apel la pre\u0219edinte s\u0103 nu promulge legea prin care cresc impozitele \u0219i taxele"},"content":{"rendered":"<p>Fermierii din Alian\u021ba pentru Agricultur\u0103 \u0219i Cooperare, format\u0103 din mai multe asocia\u021bii, \u00ee\u0219i pune speran\u021ba \u00een pre\u0219edintele Nicu\u0219or Dan, dup\u0103 ce ieri, 10 decembrie 2025 Curtea Constitu\u021bional\u0103 a Rom\u00e2niei a convenit c\u0103 decizia de cre\u0219tere a taxelor \u0219i a impozitelor este constitu\u021bional\u0103.<\/p>\n<p>&#8222;Alian\u021ba pentru Agricultur\u0103 \u0219i Cooperare, format\u0103 din Federa\u021bia Na\u021bional\u0103 Pro Agro, Liga Asocia\u021biilor Produc\u0103torilor Agricoli din Rom\u00e2nia &#8211; LAPAR, Uniunea de Ramur\u0103 Na\u021bional\u0103 a Cooperativelor din Sectorul Vegetal &#8211; UNCSV \u0219i Asocia\u021bia For\u021ba Fermierilor &#8211; AFF, a luat act, cu \u00eengrijorare, de continuarea parcursului legislativ pentru majorarea impozitelor \u00eencep\u00e2nd de anul viitor.<\/p>\n<p>\u00cen urma deciziei de ieri, miercuri &#8211; 10 decembrie, a Cur\u021bii Constitu\u021bionale a Rom\u00e2niei, singura speran\u021b\u0103 a fermierilor rom\u00e2ni este acum la Pre\u0219edintele Rom\u00e2niei, domnul Nicu\u0219or Dan. \u00cen numele fermierilor reprezenta\u021bi, AAC face apel c\u0103tre \u0219eful statului s\u0103 nu promulge legea impozitelor \u00een acest an, oferind agriculturii, dar \u0219i \u00eentregii societ\u0103\u021bi rom\u00e2ne\u0219ti, o gur\u0103 de oxigen dup\u0103 un val de m\u0103suri care, \u00een ultima jum\u0103tate de an, au adus scumpiri ce au destabilizat via\u021ba tuturor.<\/p>\n<p>Facem apel la Pre\u0219edintele Rom\u00e2niei s\u0103 fac\u0103 uz de dreptul s\u0103u de a solicita reexaminarea actului adoptat de c\u0103tre Parlament. Acest demers va oferi timpul necesar pentru elaborarea unui text care s\u0103 \u021bin\u0103 cont de realit\u0103\u021bile economice \u0219i mai ales de posibilitatea fermierilor \u0219i nu numai de a sus\u021bine toate cre\u0219terile propuse&#8221;, se arat\u0103 \u00eentr-un comunicat de pres\u0103 al AAC, transmis joi, conform <a href=\"https:\/\/agerpres.ro\/economic\/2025\/12\/11\/fermierii-fac-apel-la-presedintele-nicusor-dan-sa-nu-promulge-legea-prin-care-cresc-impozitele--1511095\" target=\"_blank\">Agerpres.<\/a>Potrivit sursei citate, f\u0103r\u0103 un studiu de impact privind explozia impozitelor \u0219i a tax\u0103rii din sectorul agricol, prin introducerea, peste noapte, a unor noi biruri, precum cel pentru solarii, depozite de cereale sau ciuperc\u0103rii, noua legisla\u021bie votat\u0103 de c\u0103tre Parlamentari pe 18 noiembrie va reprezenta finalul de drum pentru multe afaceri agricole rom\u00e2ne\u0219ti, pentru ferme de familie \u0219i mici fabrici de procesare.&#8221;Agricultura rom\u00e2neasc\u0103 \u00eencheie un an complicat, \u00een care fermierii au suportat deja introducerea taxei pe st\u00e2lp, cre\u0219terea taxelor pe munc\u0103, dar \u0219i o secet\u0103 crunt\u0103 care i-a l\u0103sat pe produc\u0103torii din multe jude\u021be f\u0103r\u0103 produc\u021bii la culturile de baz\u0103 &#8211; porumb, floarea-soarelui, soia. \u00cen acest context, majorarea impozitelor vine s\u0103 \u00eempov\u0103reze \u0219i mai mult produc\u0103torul rom\u00e2n, sugrum\u00e2nd sectorul \u00een \u00eentregimea sa. Reamintim deciden\u021bilor statului de orice nivel c\u0103 fermierii rom\u00e2ni reprezint\u0103 baza economiei, c\u0103 f\u0103r\u0103 ei, stabilitatea economic\u0103, dar mai ales siguran\u021ba alimentar\u0103 na\u021bional\u0103 sunt \u00een pericol. Cu un r\u0103zboi la grani\u021b\u0103 \u0219i cu un viitor incert privind noua politic\u0103 european\u0103 de sprijinire a agriculturii, consider\u0103m c\u0103 loviturile succesive date acestui sector strategic reprezint\u0103 un act de iresponsabilitate, un atac la securitatea agroalimentar\u0103 na\u021bional\u0103&#8221;, sus\u021bin reprezentan\u021bii fermierilor.<\/p>","protected":false},"excerpt":{"rendered":"<p>Fermierii din Alian\u021ba pentru Agricultur\u0103 \u0219i Cooperare, format\u0103 din mai multe asocia\u021bii, \u00ee\u0219i pune speran\u021ba&hellip;<\/p>\n","protected":false},"author":0,"featured_media":51259,"comment_status":"open","ping_status":"open","sticky":false,"template":"","format":"standard","meta":{"footnotes":""},"categories":[2],"tags":[],"class_list":["post-51258","post","type-post","status-publish","format-standard","has-post-thumbnail","hentry","category-actual"],"_links":{"self":[{"href":"https:\/\/247stiri.ro\/index.php\/wp-json\/wp\/v2\/posts\/51258","targetHints":{"allow":["GET"]}}],"collection":[{"href":"https:\/\/247stiri.ro\/index.php\/wp-json\/wp\/v2\/posts"}],"about":[{"href":"https:\/\/247stiri.ro\/index.php\/wp-json\/wp\/v2\/types\/post"}],"replies":[{"embeddable":true,"href":"https:\/\/247stiri.ro\/index.php\/wp-json\/wp\/v2\/comments?post=51258"}],"version-history":[{"count":0,"href":"https:\/\/247stiri.ro\/index.php\/wp-json\/wp\/v2\/posts\/51258\/revisions"}],"wp:featuredmedia":[{"embeddable":true,"href":"https:\/\/247stiri.ro\/index.php\/wp-json\/wp\/v2\/media\/51259"}],"wp:attachment":[{"href":"https:\/\/247stiri.ro\/index.php\/wp-json\/wp\/v2\/media?parent=51258"}],"wp:term":[{"taxonomy":"category","embeddable":true,"href":"https:\/\/247stiri.ro\/index.php\/wp-json\/wp\/v2\/categories?post=51258"},{"taxonomy":"post_tag","embeddable":true,"href":"https:\/\/247stiri.ro\/index.php\/wp-json\/wp\/v2\/tags?post=51258"}],"curies":[{"name":"wp","href":"https:\/\/api.w.org\/{rel}","templated":true}]}}