{"id":51262,"date":"2025-12-11T12:44:54","date_gmt":"2025-12-11T12:44:54","guid":{"rendered":"https:\/\/247stiri.ro\/index.php\/2025\/12\/11\/un-politist-din-ploiesti-acuzat-de-viol-a-fost-trimis-in-judecata-pentru-folosirea-functiei-in-scop-sexual\/"},"modified":"2025-12-11T12:44:54","modified_gmt":"2025-12-11T12:44:54","slug":"un-politist-din-ploiesti-acuzat-de-viol-a-fost-trimis-in-judecata-pentru-folosirea-functiei-in-scop-sexual","status":"publish","type":"post","link":"https:\/\/247stiri.ro\/index.php\/2025\/12\/11\/un-politist-din-ploiesti-acuzat-de-viol-a-fost-trimis-in-judecata-pentru-folosirea-functiei-in-scop-sexual\/","title":{"rendered":"Un poli\u0163ist din Ploie\u015fti, acuzat de viol, a fost trimis \u00een judecat\u0103 pentru folosirea func\u0163iei in scop sexual"},"content":{"rendered":"<p>Poli\u0163istul de la Sec\u0163ia 4 Ploie\u015fti, acuzat de viol de c\u0103tre o femeie care a depus o pl\u00e2ngere penal\u0103, a fost trimis \u00een judecat\u0103 pentru folosirea abuziv\u0103 a func\u0163iei \u00een scop sexual, transmite Agerpres.<\/p>\n<p>Potrivit portalului instan\u0163elor de judecat\u0103, dosarul a fost \u00eenregistrat la Judec\u0103toria Ploie\u015fti la data de 27 noiembrie.<\/p>\n<p>\u00cen luna aprilie a anului trecut, Inspectoratul Jude\u0163ean de Poli\u0163ie Prahova a organizat o conferin\u0163\u0103 de pres\u0103 \u00een cadrul c\u0103reia a f\u0103cut o serie de preciz\u0103ri cu privire la acest caz.<\/p>\n<p>Astfel, potrivit datelor prezentate de \u015feful inspectoratului la acea dat\u0103, comisarul \u015fef Teodor Manuc, la Sec\u0163ia 4 s-a prezentat, la data de 8 aprilie, o femeie de 36 de ani din Ploie\u015fti, sesiz\u00e2nd c\u0103 este amenin\u0163at\u0103 ca urmare a unui schimb de imobile.<\/p>\n<p>\u201eDin verific\u0103ri a rezultat faptul c\u0103 sesizarea i-a fost preluat\u0103 de c\u0103tre un poli\u0163ist cu care a f\u0103cut un schimb de numere de telefon ulterior pentru a-l contacta \u00een cazul \u00een care amenin\u0163\u0103rile s-ar repeta, aceasta contact\u00e2nd poli\u0163istul \u00een ziua urm\u0103toare \u015fi solicit\u00e2ndu-i s\u0103 se \u00eent\u00e2lneasc\u0103. Cum pericolul era prezentat ca fiind iminent \u015fi c\u0103 amenin\u0163\u0103rile sunt \u00een derulare, era practic bine \u015fi pentru demersul anchetei ca aceste amenin\u0163\u0103ri s\u0103 le putem constitui ca \u015fi probe, s\u0103 avem un material probator \u00een dosar. Urmare a solicit\u0103rii de \u00eent\u00e2lnire, de comun acord au stabilit s\u0103 se \u00eent\u00e2lneasc\u0103 la domiciliul poli\u0163istului, acolo unde (\u2026) au stabilit de comun acord s\u0103 urce, probabil pentru a nu fi \u00eentr-o zon\u0103 vizibil\u0103, s\u0103 nu fie v\u0103zu\u0163i \u00eentr-un loc public. (\u2026) Din informa\u0163iile pe care le avem noi la aceast\u0103 dat\u0103, se pare c\u0103 au \u00eentre\u0163inut rela\u0163ii sexuale cu consim\u0163\u0103m\u00e2ntul doamnei care a depus pl\u00e2ngerea, dup\u0103 cum sus\u0163ine poli\u0163istul\u201d, a declarat atunci Teodor Manuc.<\/p>\n<p>De asemenea, tot \u00een seara respectiv\u0103, poli\u0163istul ar fi \u015fters conversa\u0163iile de pe whatsapp pe care le avea cu aceast\u0103 femeie, folosind op\u0163iunea \u201e\u015ftergere pentru toat\u0103 lumea\u201d \u015fi \u201ee posibil ca acest lucru s\u0103 o fi deranjat\u201d pe aceasta, a precizat sursa citat\u0103.<\/p>\n<p>Ulterior, la data de 10 aprilie, femeia a mers la Sec\u0163ia 4 sesiz\u00e2nd c\u0103 ar fi fost constr\u00e2ns\u0103 psihic de c\u0103tre poli\u0163ist s\u0103 \u00eentre\u0163in\u0103 rela\u0163ii sexuale cu el \u015fi spun\u00e2nd c\u0103 vrea s\u0103 depun\u0103 pl\u00e2ngere, ulterior r\u0103zg\u00e2ndindu-se \u00een sediul poli\u0163iei \u015fi p\u0103r\u0103sind sediul unit\u0103\u0163ii, a afirmat \u015feful IJP Prahova.<\/p>\n<p>\u201eLa data de 11 aprilie, la momentul lu\u0103rii la cuno\u015ftin\u0163\u0103 de c\u0103tre conducerea IJP Prahova despre aspectele \u00een cauz\u0103, am dispus declan\u015farea cercet\u0103rii prealabile fa\u0163\u0103 de conducerea Sec\u0163iei 4 Poli\u0163ie Ploie\u015fti \u015fi fa\u0163\u0103 de poli\u0163istul \u00een cauz\u0103\u201d, a precizat comisarul \u015fef Teodor Manuc.<\/p>\n<p>Femeia a depus o pl\u00e2ngere penal\u0103 pentru viol fa\u0163\u0103 de poli\u0163ist la Parchetul de pe l\u00e2ng\u0103 Judec\u0103toria Ploie\u015fti, astfel c\u0103 a fost suspendat\u0103 cercetarea prealabil\u0103 fa\u0163\u0103 de acesta.<\/p>\n<p>\u201eNoi am deschis dou\u0103 proceduri de cercetare prealabil\u0103, fa\u0163\u0103 de comanda Sec\u0163iei 4, dar \u015fi fa\u0163\u0103 de poli\u0163ist, una cu privire la deontologia profesional\u0103 (\u2026) \u015fi alta urmare a activit\u0103\u0163ii penale. Acea cercetare prealabil\u0103 \u00een care se efectueaz\u0103 cercet\u0103ri \u00een dosar penal, procedural, se suspend\u0103 p\u00e2n\u0103 la finalizarea activit\u0103\u0163ii de urm\u0103rire penal\u0103, urm\u00e2nd ca dup\u0103 finalizarea acestei cercet\u0103ri \u015fi urm\u0103riri penale \u015fi dup\u0103 solu\u0163ia propus\u0103, la r\u00e2ndul nostru o s\u0103 redeschidem cercetarea disciplinar\u0103 \u015fi s\u0103 dispunem m\u0103suri. Procedural, \u00een momentul de fa\u0163\u0103, p\u00e2n\u0103 nu avem o finalizare a activit\u0103\u0163ii de cercetare prealabil\u0103, nu \u00eel putem suspenda\u201d, a explicat atunci adjunctul IJP Prahova, comisar \u015fef de poli\u0163ie Ginel Preda.<\/p>\n<p>Conform acestuia, poli\u0163istul a absolvit \u015ecoala de Agen\u0163i de Poli\u0163ie de la C\u00e2mpina, promo\u0163ia aprilie 2023. \u00cen apartamentul \u00een care s-ar fi petrecut presupusul viol acesta locuia cu chirie \u00eempreun\u0103 cu \u00eenc\u0103 un coleg din aceea\u015fi sec\u0163ie \u015fi care la momentul respectiv s-ar fi aflat \u00een camera lui, a spus Preda.<\/p>\n<p><a href=\"https:\/\/www.realitatea.net\/stiri\/actual\/romania-trimisa-in-fata-curtii-de-justitie-a-uniunii-europene-pentru-nerespectarea-obligatiilor-de-monitorizare-a-aerului_693ab2af48d68667231e4302\" target=\"_blank\">Rom\u00e2nia, trimis\u0103 \u00een fa\u021ba Cur\u021bii de Justi\u021bie a Uniunii Europene pentru nerespectarea obliga\u021biilor de monitorizare a aerului<\/a><\/p>","protected":false},"excerpt":{"rendered":"<p>Poli\u0163istul de la Sec\u0163ia 4 Ploie\u015fti, acuzat de viol de c\u0103tre o femeie care a&hellip;<\/p>\n","protected":false},"author":0,"featured_media":51263,"comment_status":"open","ping_status":"open","sticky":false,"template":"","format":"standard","meta":{"footnotes":""},"categories":[2],"tags":[],"class_list":["post-51262","post","type-post","status-publish","format-standard","has-post-thumbnail","hentry","category-actual"],"_links":{"self":[{"href":"https:\/\/247stiri.ro\/index.php\/wp-json\/wp\/v2\/posts\/51262","targetHints":{"allow":["GET"]}}],"collection":[{"href":"https:\/\/247stiri.ro\/index.php\/wp-json\/wp\/v2\/posts"}],"about":[{"href":"https:\/\/247stiri.ro\/index.php\/wp-json\/wp\/v2\/types\/post"}],"replies":[{"embeddable":true,"href":"https:\/\/247stiri.ro\/index.php\/wp-json\/wp\/v2\/comments?post=51262"}],"version-history":[{"count":0,"href":"https:\/\/247stiri.ro\/index.php\/wp-json\/wp\/v2\/posts\/51262\/revisions"}],"wp:featuredmedia":[{"embeddable":true,"href":"https:\/\/247stiri.ro\/index.php\/wp-json\/wp\/v2\/media\/51263"}],"wp:attachment":[{"href":"https:\/\/247stiri.ro\/index.php\/wp-json\/wp\/v2\/media?parent=51262"}],"wp:term":[{"taxonomy":"category","embeddable":true,"href":"https:\/\/247stiri.ro\/index.php\/wp-json\/wp\/v2\/categories?post=51262"},{"taxonomy":"post_tag","embeddable":true,"href":"https:\/\/247stiri.ro\/index.php\/wp-json\/wp\/v2\/tags?post=51262"}],"curies":[{"name":"wp","href":"https:\/\/api.w.org\/{rel}","templated":true}]}}