{"id":51264,"date":"2025-12-11T12:44:55","date_gmt":"2025-12-11T12:44:55","guid":{"rendered":"https:\/\/247stiri.ro\/index.php\/2025\/12\/11\/romania-trimisa-in-fata-curtii-de-justitie-a-uniunii-europene-pentru-nerespectarea-obligatiilor-de-monitorizare-a-aerului\/"},"modified":"2025-12-11T12:44:55","modified_gmt":"2025-12-11T12:44:55","slug":"romania-trimisa-in-fata-curtii-de-justitie-a-uniunii-europene-pentru-nerespectarea-obligatiilor-de-monitorizare-a-aerului","status":"publish","type":"post","link":"https:\/\/247stiri.ro\/index.php\/2025\/12\/11\/romania-trimisa-in-fata-curtii-de-justitie-a-uniunii-europene-pentru-nerespectarea-obligatiilor-de-monitorizare-a-aerului\/","title":{"rendered":"Rom\u00e2nia, trimis\u0103 \u00een fa\u021ba Cur\u021bii de Justi\u021bie a Uniunii Europene pentru nerespectarea obliga\u021biilor de monitorizare a aerului"},"content":{"rendered":"<p>Potrivit Comisiei, Rom\u00e2nia nu a instalat suficiente puncte de m\u0103surare, unele sunt amplasate gre\u0219it, iar datele colectate nu sunt de \u00eencredere. \u00cen aceste condi\u021bii, autorit\u0103\u021bile nu pot evalua corect nivelul polu\u0103rii \u0219i nici nu pot lua m\u0103suri eficiente, arat\u0103 <a href=\"https:\/\/romania.representation.ec.europa.eu\/news\/comisia-decide-sa-trimita-romania-fata-curtii-de-justitie-uniunii-europene-pentru-nerespectarea-2025-12-11_ro\" target=\"_blank\">reprezentan\u021ba \u00een Rom\u00e2nia a CE.<\/a><\/p>\n<p>Problemele vizeaz\u0103 cei mai importan\u021bi poluan\u021bi: particulele fine PM10 \u0219i PM2.5, dioxidul de sulf, oxizii de azot, metalele grele \u0219i benzoapirenul \u2014 substan\u021be care afecteaz\u0103 direct s\u0103n\u0103tatea oamenilor.<\/p>\n<p>Comisia European\u0103 spune c\u0103 a avertizat Rom\u00e2nia \u00eenc\u0103 din 2017, apoi din nou \u00een 2019 \u0219i 2023, \u00eens\u0103 autorit\u0103\u021bile nu au f\u0103cut schimb\u0103rile necesare. De\u0219i re\u021beaua na\u021bional\u0103 de monitorizare a fost modernizat\u0103 par\u021bial, Bruxelles-ul consider\u0103 c\u0103 \u201eexist\u0103 \u00een continuare lacune semnificative\u201d.<\/p>\n<p>\u00cen concluzie, Comisia apreciaz\u0103 c\u0103 eforturile Rom\u00e2niei sunt insuficiente \u0219i a decis s\u0103 trimit\u0103 cazul la Curtea de Justi\u021bie a UE \u2014 pas care poate duce, \u00een final, la sanc\u021biuni financiare.<\/p>\n<p>Directivele europene privind calitatea aerului fac parte din strategia UE pentru reducerea polu\u0103rii p\u00e2n\u0103 \u00een 2030 \u0219i oblig\u0103 toate statele membre s\u0103 monitorizeze corect aerul pe care \u00eel respir\u0103 cet\u0103\u021benii.<\/p>","protected":false},"excerpt":{"rendered":"<p>Potrivit Comisiei, Rom\u00e2nia nu a instalat suficiente puncte de m\u0103surare, unele sunt amplasate gre\u0219it, iar&hellip;<\/p>\n","protected":false},"author":0,"featured_media":51265,"comment_status":"open","ping_status":"open","sticky":false,"template":"","format":"standard","meta":{"footnotes":""},"categories":[2],"tags":[],"class_list":["post-51264","post","type-post","status-publish","format-standard","has-post-thumbnail","hentry","category-actual"],"_links":{"self":[{"href":"https:\/\/247stiri.ro\/index.php\/wp-json\/wp\/v2\/posts\/51264","targetHints":{"allow":["GET"]}}],"collection":[{"href":"https:\/\/247stiri.ro\/index.php\/wp-json\/wp\/v2\/posts"}],"about":[{"href":"https:\/\/247stiri.ro\/index.php\/wp-json\/wp\/v2\/types\/post"}],"replies":[{"embeddable":true,"href":"https:\/\/247stiri.ro\/index.php\/wp-json\/wp\/v2\/comments?post=51264"}],"version-history":[{"count":0,"href":"https:\/\/247stiri.ro\/index.php\/wp-json\/wp\/v2\/posts\/51264\/revisions"}],"wp:featuredmedia":[{"embeddable":true,"href":"https:\/\/247stiri.ro\/index.php\/wp-json\/wp\/v2\/media\/51265"}],"wp:attachment":[{"href":"https:\/\/247stiri.ro\/index.php\/wp-json\/wp\/v2\/media?parent=51264"}],"wp:term":[{"taxonomy":"category","embeddable":true,"href":"https:\/\/247stiri.ro\/index.php\/wp-json\/wp\/v2\/categories?post=51264"},{"taxonomy":"post_tag","embeddable":true,"href":"https:\/\/247stiri.ro\/index.php\/wp-json\/wp\/v2\/tags?post=51264"}],"curies":[{"name":"wp","href":"https:\/\/api.w.org\/{rel}","templated":true}]}}