{"id":51266,"date":"2025-12-11T12:44:56","date_gmt":"2025-12-11T12:44:56","guid":{"rendered":"https:\/\/247stiri.ro\/index.php\/2025\/12\/11\/sefa-cab-demonteaza-acuzatiile-din-documentarul-recorder-evenimentele-din-ultimele-saptamani-par-coordonate-manipularea-publica-e-odioasa-video\/"},"modified":"2025-12-11T12:44:56","modified_gmt":"2025-12-11T12:44:56","slug":"sefa-cab-demonteaza-acuzatiile-din-documentarul-recorder-evenimentele-din-ultimele-saptamani-par-coordonate-manipularea-publica-e-odioasa-video","status":"publish","type":"post","link":"https:\/\/247stiri.ro\/index.php\/2025\/12\/11\/sefa-cab-demonteaza-acuzatiile-din-documentarul-recorder-evenimentele-din-ultimele-saptamani-par-coordonate-manipularea-publica-e-odioasa-video\/","title":{"rendered":"\u0218efa CAB demonteaz\u0103 acuza\u021biile din documentarul Recorder: Evenimentele din ultimele s\u0103pt\u0103m\u00e2ni par coordonate. Manipularea public\u0103 e odioas\u0103 &#8211; VIDEO"},"content":{"rendered":"<p>Judec\u0103toarea a f\u0103cut apel public c\u0103tre institu\u021biile din ordinea constitu\u021bional\u0103 a statului rom\u00e2n s\u0103 verifice acuza\u021biile recente aduse Cur\u021bii de Apel \u0219i s\u0103 prezinte concluziile acestor verific\u0103ri.<\/p>\n<p>\u00cen cadrul conferin\u021bei de pres\u0103, Liana Arsenie a respins acuza\u021biile privind presupuse manevre de favorizare \u00een dosarul lui Marian Vanghelie, subliniind c\u0103, \u00een final, completul de judecat\u0103 a dispus \u201eo singur\u0103 solu\u021bie de prescrip\u021bie a r\u0103spunderii penale \u0219i dou\u0103 solu\u021bii de achitare\u201d.<\/p>\n<p>\u201eConferin\u021ba survine \u00een contextul evenimentelor din ultimele 2 s\u0103pt\u0103m\u00e2ni care par coordonate pentru acapararea puterii judec\u0103tore\u0219ti, a\u0219a \u00eenc\u00e2t \u00een virtutea obliga\u021biei de ap\u0103rare a independen\u021bei justi\u021biei suntem aici pentru a atrage inten\u021bia asupra gravit\u0103\u021bii situa\u021biei.<\/p>\n<p>Cerem \u00een mod public tuturor organismelor abilitate din ordinea juridic\u0103 constitu\u021bional\u0103 a statului rom\u00e2n s\u0103 procedeze la verificarea acuza\u021biilor formulate \u00een aceast\u0103 perioad\u0103 \u0219i s\u0103 prezinte public rezultatul acestor verific\u0103ri.<\/p>\n<p>Am \u00eenv\u0103\u021bat c\u0103 legea nu se schimb\u0103 \u00een strad\u0103 prin minciuni, denatur\u0103ri \u0219i manipulare, c\u0103 legea vine din cunoa\u0219tere juridic\u0103 \u0219i respect pentru cet\u0103\u021bean, nu din nevoia de capitalizare politic\u0103 sau preluarea ostil\u0103 a unei puteri \u00een stat care mai t\u00e2rziu s\u0103 fie folosit\u0103 \u00een interes politic. \u00cen cele ce urmeaz\u0103, vom prezenta c\u00e2teva dovezi care combat narativele manipulative \u0219i probeaz\u0103 starea de legalitate a organiz\u0103rii \u0219i func\u021bion\u0103rii Cur\u021bii de Apel Bucure\u0219ti.<\/p>\n<p>S-a ales varianta a doua din nevoia de prezervare a interesului public \u0219i de a permite finalizarea activit\u0103\u021bii de motivare care trena de mai bine de un an de zile. \u00cen final, completul a fost stabilit iar cauza a fost solu\u021bionat\u0103 \u00een privin\u021ba inculpatului Vanghelie, dispun\u00e2ndu-se o singur\u0103 solu\u021bie de prescrip\u021bie a r\u0103spunderii penale \u0219i dou\u0103 solu\u021bii de achitare.<\/p>\n<p>A culpabiliza conducerea Cur\u021bii de Apel prin imputarea unor a\u0219a-zise manevre de favorizare a unui inculpat este dovada caracterului absolut odios, revolt\u0103tor \u0219i dureros pentru noi al manipul\u0103rii publice orchestrate \u00een vederea asmutirii societ\u0103\u021bii \u00eempotriva judec\u0103torilor. V\u0103 rog s\u0103 privi\u021bi documentele oficiale pentru c\u0103 noi, ca institu\u021bie, nu ne permitem s\u0103 formul\u0103m opinii, ci doar s\u0103 prezent\u0103m fapte certe, este consecin\u021ba forma\u021biei profesionale.\u201d, a declarat Liana Arsenie.<\/p>","protected":false},"excerpt":{"rendered":"<p>Judec\u0103toarea a f\u0103cut apel public c\u0103tre institu\u021biile din ordinea constitu\u021bional\u0103 a statului rom\u00e2n s\u0103 verifice&hellip;<\/p>\n","protected":false},"author":0,"featured_media":51267,"comment_status":"open","ping_status":"open","sticky":false,"template":"","format":"standard","meta":{"footnotes":""},"categories":[2],"tags":[],"class_list":["post-51266","post","type-post","status-publish","format-standard","has-post-thumbnail","hentry","category-actual"],"_links":{"self":[{"href":"https:\/\/247stiri.ro\/index.php\/wp-json\/wp\/v2\/posts\/51266","targetHints":{"allow":["GET"]}}],"collection":[{"href":"https:\/\/247stiri.ro\/index.php\/wp-json\/wp\/v2\/posts"}],"about":[{"href":"https:\/\/247stiri.ro\/index.php\/wp-json\/wp\/v2\/types\/post"}],"replies":[{"embeddable":true,"href":"https:\/\/247stiri.ro\/index.php\/wp-json\/wp\/v2\/comments?post=51266"}],"version-history":[{"count":0,"href":"https:\/\/247stiri.ro\/index.php\/wp-json\/wp\/v2\/posts\/51266\/revisions"}],"wp:featuredmedia":[{"embeddable":true,"href":"https:\/\/247stiri.ro\/index.php\/wp-json\/wp\/v2\/media\/51267"}],"wp:attachment":[{"href":"https:\/\/247stiri.ro\/index.php\/wp-json\/wp\/v2\/media?parent=51266"}],"wp:term":[{"taxonomy":"category","embeddable":true,"href":"https:\/\/247stiri.ro\/index.php\/wp-json\/wp\/v2\/categories?post=51266"},{"taxonomy":"post_tag","embeddable":true,"href":"https:\/\/247stiri.ro\/index.php\/wp-json\/wp\/v2\/tags?post=51266"}],"curies":[{"name":"wp","href":"https:\/\/api.w.org\/{rel}","templated":true}]}}