{"id":51311,"date":"2025-12-11T16:44:49","date_gmt":"2025-12-11T16:44:49","guid":{"rendered":"https:\/\/247stiri.ro\/index.php\/2025\/12\/11\/ministerul-educatiei-vrea-60-de-milioane-de-euro-in-plus-in-2026-pentru-bursele-sociale-ale-studentilor\/"},"modified":"2025-12-11T16:44:49","modified_gmt":"2025-12-11T16:44:49","slug":"ministerul-educatiei-vrea-60-de-milioane-de-euro-in-plus-in-2026-pentru-bursele-sociale-ale-studentilor","status":"publish","type":"post","link":"https:\/\/247stiri.ro\/index.php\/2025\/12\/11\/ministerul-educatiei-vrea-60-de-milioane-de-euro-in-plus-in-2026-pentru-bursele-sociale-ale-studentilor\/","title":{"rendered":"Ministerul Educa\u021biei vrea 60 de milioane de euro \u00een plus, \u00een 2026, pentru bursele sociale ale studen\u021bilor"},"content":{"rendered":"<p>\u201ePrimul pas este propunerea de completare a fondului de burse pentru anul 2026 cu aproximativ 60 de milioane de euro, ceea ce va face ca fondul de burse \u00een noul an s\u0103 fie nominal \u0219i \u00een practic\u0103 apropiat de anii 2024 \u0219i 2025 (dup\u0103 redimensionare) \u0219i cu aproximativ 35% mai mare dec\u00e2t \u00een anul 2023,\u201d a declarat ministrul Educa\u021biei \u0219i Cercet\u0103rii, Daniel David.<\/p>\n<p>Potrivit ministrului, acest demers, care vizeaz\u0103 componenta social\u0103 at\u00e2t pentru studen\u021bii de la buget, c\u00e2t \u0219i pentru cei de la cursurile cu tax\u0103, ar trebui nu doar s\u0103 ajute studen\u021bii, ci \u0219i s\u0103 reduc\u0103 presiunea pe contribu\u021bia universit\u0103\u021bilor, care ar putea fi astfel orientat\u0103 \u0219i spre performan\u021b\u0103. \u201e\u00cen acest mod se pot sus\u021bine at\u00e2t componenta social\u0103, c\u00e2t \u0219i performan\u021ba, dar decizia este a fiec\u0103rei universit\u0103\u021bi, pentru mine important fiind faptul c\u0103 \u00eent\u0103rim din partea ministerului componenta social\u0103 cu 60 de milioane de euro,\u201d a precizat Daniel David.<\/p>\n<p>\u00cen opinia sa, sus\u021binerea tinerilor pe durata studiilor universitare este crucial\u0103, av\u00e2nd \u00een vedere c\u0103 Rom\u00e2nia are un num\u0103r redus de absolven\u021bi de studii superioare raportat la popula\u021bia general\u0103.<\/p>\n<p>Ministrul a cerut ca, imediat dup\u0103 aprobarea programului, acesta s\u0103 fie implementat, astfel \u00eenc\u00e2t bursele s\u0103 poat\u0103 fi accesate de la \u00eenceputul anului 2026. \u201eEstimarea este ca primele pl\u0103\u021bi s\u0103 fie efectuate \u00een luna februarie (pentru luna ianuarie). Le mul\u021bumesc reprezentan\u021bilor Comisiei Europene (\u00een primul r\u00e2nd vicepre\u0219edintei Roxana M\u00eenzatu) \u0219i reprezentan\u021bilor MIPE pentru deschiderea ar\u0103tat\u0103 fa\u021b\u0103 de propunerea ministerului, deoarece \u00een astfel de situa\u021bii complicate, c\u00e2nd \u021bara are nevoie de sus\u021binere \u0219i \u00een\u021belegere, casa noastr\u0103 mai mare, Uniunea European\u0103, a fost aproape!\u201d a afirmat ministrul.<\/p>\n<p>Daniel David a reiterat c\u0103, \u00een situa\u021bia de criz\u0103, au fost luate m\u0103surile necesare pentru a evita blocajul \u00een educa\u021bie-cercetare. El a men\u021bionat c\u0103 \u00een \u00eenv\u0103\u021b\u0103m\u00e2ntul preuniversitar nu s-au \u00eentrerupt contracte de munc\u0103 valabile (fiind chiar o cre\u0219tere a titularilor), c\u0103 \u00een procesul de redimensionare a burselor elevilor s-a p\u0103strat focalizarea pe bursele sociale \u0219i tehnologice \u0219i premiile pentru olimpicii interna\u021bionali, \u0219i c\u0103 s-a l\u0103sat libertate universit\u0103\u021bilor de a sprijini studen\u021bii din fonduri proprii.<\/p>\n<p>\u201eDup\u0103 aceast\u0103 stabilizare, trebuie s\u0103 cre\u0219tem odat\u0103 cu cre\u0219terea \u021b\u0103rii, mai ales pe linia altor drepturi studen\u021be\u0219ti, a burselor olimpice \u0219i a cre\u0219terii valorii pl\u0103\u021bii cu ora (fie \u0219i gradual) \u00een sistemul preuniversitar, inclusiv deblocarea posturilor \u00een sistem \u0219i problema degrev\u0103rilor,\u201d a conchis Daniel David.<\/p>","protected":false},"excerpt":{"rendered":"<p>\u201ePrimul pas este propunerea de completare a fondului de burse pentru anul 2026 cu aproximativ&hellip;<\/p>\n","protected":false},"author":0,"featured_media":51312,"comment_status":"open","ping_status":"open","sticky":false,"template":"","format":"standard","meta":{"footnotes":""},"categories":[2],"tags":[],"class_list":["post-51311","post","type-post","status-publish","format-standard","has-post-thumbnail","hentry","category-actual"],"_links":{"self":[{"href":"https:\/\/247stiri.ro\/index.php\/wp-json\/wp\/v2\/posts\/51311","targetHints":{"allow":["GET"]}}],"collection":[{"href":"https:\/\/247stiri.ro\/index.php\/wp-json\/wp\/v2\/posts"}],"about":[{"href":"https:\/\/247stiri.ro\/index.php\/wp-json\/wp\/v2\/types\/post"}],"replies":[{"embeddable":true,"href":"https:\/\/247stiri.ro\/index.php\/wp-json\/wp\/v2\/comments?post=51311"}],"version-history":[{"count":0,"href":"https:\/\/247stiri.ro\/index.php\/wp-json\/wp\/v2\/posts\/51311\/revisions"}],"wp:featuredmedia":[{"embeddable":true,"href":"https:\/\/247stiri.ro\/index.php\/wp-json\/wp\/v2\/media\/51312"}],"wp:attachment":[{"href":"https:\/\/247stiri.ro\/index.php\/wp-json\/wp\/v2\/media?parent=51311"}],"wp:term":[{"taxonomy":"category","embeddable":true,"href":"https:\/\/247stiri.ro\/index.php\/wp-json\/wp\/v2\/categories?post=51311"},{"taxonomy":"post_tag","embeddable":true,"href":"https:\/\/247stiri.ro\/index.php\/wp-json\/wp\/v2\/tags?post=51311"}],"curies":[{"name":"wp","href":"https:\/\/api.w.org\/{rel}","templated":true}]}}