{"id":51360,"date":"2025-12-11T20:44:58","date_gmt":"2025-12-11T20:44:58","guid":{"rendered":"https:\/\/247stiri.ro\/index.php\/2025\/12\/11\/sfidare-totala-bolojan-mai-face-o-angajare-desi-nu-sunt-bani-seful-psd-alba-numit-la-secretariatul-general-al-guvernului\/"},"modified":"2025-12-11T20:44:58","modified_gmt":"2025-12-11T20:44:58","slug":"sfidare-totala-bolojan-mai-face-o-angajare-desi-nu-sunt-bani-seful-psd-alba-numit-la-secretariatul-general-al-guvernului","status":"publish","type":"post","link":"https:\/\/247stiri.ro\/index.php\/2025\/12\/11\/sfidare-totala-bolojan-mai-face-o-angajare-desi-nu-sunt-bani-seful-psd-alba-numit-la-secretariatul-general-al-guvernului\/","title":{"rendered":"Sfidare total\u0103! Bolojan mai face o angajare, de\u0219i \u201enu sunt bani\u201d. \u0218eful PSD Alba, numit la Secretariatul General al Guvernului"},"content":{"rendered":"<p>Pre\u0219edintele PSD Alba, Corneliu Mure\u0219an, a fost numit secretar de stat \u00een cadrul Secretariatului General al Guvernului. El a transmis c\u0103 merge la Bucure\u0219ti pentru munc\u0103, av\u00e2nd obiectivul de a-i reprezenta \u201ecu bun\u0103 credin\u021b\u0103 \u0219i seriozitate\u201d pe to\u021bi locuitorii jude\u021bului \u0219i de a continua dezvoltarea tuturor comunit\u0103\u021bilor locale.<\/p>\n<p>\u201eDe ast\u0103zi, sunt vocea tuturor cet\u0103\u021benilor din Alba \u00een Guvernul Rom\u00e2niei. Cu onoare \u0219i deplin\u0103 responsabilitate, am acceptat pozi\u021bia de secretar de stat \u00een cadrul Secretariatului General al Guvernului,\u201d a scris Mure\u0219an joi sear\u0103, pe Facebook.<\/p>\n<p>Acesta a anun\u021bat c\u0103 va folosi \u00een noua pozi\u021bie toat\u0103 experien\u021ba acumulat\u0103 \u00een ultimii ani, \u00een care a ocupat func\u021biile de consilier jude\u021bean, subprefect, director de institu\u021bie public\u0103 sau consilier al primului ministru.<\/p>\n<p>\u201eMul\u021bumesc pentru sus\u021binere pre\u0219edintelui PSD, Sorin Grindeanu, colegului meu Victor Negrescu, prim-vicepre\u0219edinte PSD, dar \u0219i tuturor social democra\u021bilor din Alba. M\u0103 bucur pentru c\u0103 voi avea ocazia s\u0103 lucrez cu profesioni\u0219ti precum Stefan Radu Oprea, secretarul general al Guvernului, dar \u0219i cu al\u021bi profesioni\u0219ti din Executiv. Merg la Bucure\u0219ti pentru Alba \u0219i oamenii s\u0103i,\u201d a mai transmis pre\u0219edintele PSD Alba.<\/p>","protected":false},"excerpt":{"rendered":"<p>Pre\u0219edintele PSD Alba, Corneliu Mure\u0219an, a fost numit secretar de stat \u00een cadrul Secretariatului General&hellip;<\/p>\n","protected":false},"author":0,"featured_media":51357,"comment_status":"open","ping_status":"open","sticky":false,"template":"","format":"standard","meta":{"footnotes":""},"categories":[2],"tags":[],"class_list":["post-51360","post","type-post","status-publish","format-standard","has-post-thumbnail","hentry","category-actual"],"_links":{"self":[{"href":"https:\/\/247stiri.ro\/index.php\/wp-json\/wp\/v2\/posts\/51360","targetHints":{"allow":["GET"]}}],"collection":[{"href":"https:\/\/247stiri.ro\/index.php\/wp-json\/wp\/v2\/posts"}],"about":[{"href":"https:\/\/247stiri.ro\/index.php\/wp-json\/wp\/v2\/types\/post"}],"replies":[{"embeddable":true,"href":"https:\/\/247stiri.ro\/index.php\/wp-json\/wp\/v2\/comments?post=51360"}],"version-history":[{"count":0,"href":"https:\/\/247stiri.ro\/index.php\/wp-json\/wp\/v2\/posts\/51360\/revisions"}],"wp:featuredmedia":[{"embeddable":true,"href":"https:\/\/247stiri.ro\/index.php\/wp-json\/wp\/v2\/media\/51357"}],"wp:attachment":[{"href":"https:\/\/247stiri.ro\/index.php\/wp-json\/wp\/v2\/media?parent=51360"}],"wp:term":[{"taxonomy":"category","embeddable":true,"href":"https:\/\/247stiri.ro\/index.php\/wp-json\/wp\/v2\/categories?post=51360"},{"taxonomy":"post_tag","embeddable":true,"href":"https:\/\/247stiri.ro\/index.php\/wp-json\/wp\/v2\/tags?post=51360"}],"curies":[{"name":"wp","href":"https:\/\/api.w.org\/{rel}","templated":true}]}}