{"id":51362,"date":"2025-12-11T20:44:59","date_gmt":"2025-12-11T20:44:59","guid":{"rendered":"https:\/\/247stiri.ro\/index.php\/2025\/12\/11\/cum-acopera-jurnalistii-recorder-gafele-rezistilor-ies-la-iveala-manevrele-disperate-ale-sistemului-video\/"},"modified":"2025-12-11T20:44:59","modified_gmt":"2025-12-11T20:44:59","slug":"cum-acopera-jurnalistii-recorder-gafele-rezistilor-ies-la-iveala-manevrele-disperate-ale-sistemului-video","status":"publish","type":"post","link":"https:\/\/247stiri.ro\/index.php\/2025\/12\/11\/cum-acopera-jurnalistii-recorder-gafele-rezistilor-ies-la-iveala-manevrele-disperate-ale-sistemului-video\/","title":{"rendered":"Cum acoper\u0103 jurnali\u0219tii Recorder gafele rezi\u0219tilor. Ies la iveal\u0103 manevrele disperate ale sistemului &#8211; VIDEO"},"content":{"rendered":"<p>Ionu\u021b Mo\u0219teanu a plecat din fruntea Ministerului Ap\u0103r\u0103rii dup\u0103 un mandat de 5 luni, \u00een care a f\u0103cut o serie de gafe halucinante \u0219i declara\u021bii controversate! \u00cen ultima perioad\u0103, rezistul a fost \u021binta mai multor scandaluri r\u0103sun\u0103toare. Fostul ministru al Ap\u0103r\u0103rii a recunoscut c\u0103 a min\u021bit \u00een CV, gre\u0219eal\u0103 care l-a f\u0103cut s\u0103 demisioneze \u00een urma presiunilor uria\u0219e din spa\u021biul public. Impostura rezistului a ie\u0219it la iveal\u0103 dup\u0103 ce a ajuns s\u0103 fie martor \u00een dosarul \u0219p\u0103gii de un milion de euro.<\/p>\n<p>\u00centrebat la un post de televiziune ce facultate a f\u0103cut \u0219i c\u00e2nd a terminat-o, Ionu\u021b Mo\u0219teanu a r\u0103spuns: Bioterra. Am f\u0103cut Automatic\u0103, m-am oprit, \u00een anul 3 am oprit automatica. CV-ul meu este public. De aia m-am oprit, s\u0103 muncesc. \u00cent\u00e2i m-am dus \u00een Austria reparam copiatoare, f\u0103ceam foarte mul\u021bi bani atunci, era bine\u201d.\u00a0<\/p>\n<p>C\u00e2t timp a fost ministru al Ap\u0103r\u0103rii, rezistul s-a confruntat cu mai multe e\u0219ecuri, printre care se num\u0103r\u0103 \u0219i mobilizarea rezervi\u0219tilor care au fost umili\u021bi \u0219i pu\u0219i s\u0103 a\u0219tepte cu orele \u00een fa\u021ba unit\u0103\u021bilor militare de teama amenzilor. Dar \u0219i declara\u021biile halucinante cu privire la r\u0103zboiul din Ucraina.<\/p>\n<p>\u201dDa, cu siguran\u021b\u0103! Din nou, vorbim de mobilizarea a peste 10.000 de oameni. Cu siguran\u021b\u0103, sunt \u0219i probleme punctuale. Au mai fost probleme cu autobuzele \u00een alt\u0103 parte, \u00een afar\u0103 de cea de la Clinceni? Unde? Care au mai fost? \u00cemi cer scuze, eu am aterizat asear\u0103 t\u00e2rziu\u201d, a spus Mo\u0219teanu, dup\u0103 ce a fost \u00eentrebat dac\u0103 armata a trecut acest test de mobilizare.<\/p>\n<p>\u201dDin nefericire, suntem vecini cu r\u0103zboiul. Suntem, o parte din rom\u00e2ni privesc r\u0103zboiul de pe balcon, de la Tulcea\u201d, a mai afirmat acesta.\u00a0<\/p>\n<p>Ionu\u021b Mo\u0219teanu a dat dovad\u0103 de sfidare total\u0103 fa\u021b\u0103 de rom\u00e2ni \u0219i valorile patriei. La intonarea imnului na\u021bional, singurul parlamentar care a considerat c\u0103 poate face altceva pe durata momentului solemn a fost Mo\u0219teanu. Rezistul a considerat c\u0103 era momentul potrivit s\u0103 ia o gur\u0103 de cafea.<\/p>\n<p>Ministrul rezist al Mediului, Diana Buzoianu, a f\u0103cut circ \u00een Parlament dup\u0103 ce a l\u0103sat peste 100.000 de oameni din jude\u021bele Prahova \u0219i D\u00e2mbovi\u021ba zile \u00eentregi f\u0103r\u0103 ap\u0103. Aceasta sus\u021bine c\u0103 ea este, de fapt, victima, fiind \u021binta unei propagande mincinoase, de\u0219i toate datele o incrimineaz\u0103.<\/p>\n<p>\u201dAm v\u0103zut muntele de fake-news-uri cu ocazia incidentului de la Lacul Paltinul.\u00a0A fost men\u021bionat, chiar aici \u00een aceast\u0103 \u0219edin\u021b\u0103, c\u0103 eu a\u0219 fi semnat ordinul s\u0103 \u00eenceap\u0103 lucr\u0103rile de la Paltinul \u0219i c\u0103 mi s-ar fi atras aten\u021bia c\u0103 nu se pot face aceste lucr\u0103ri. Fals! O minciun\u0103 de 2 lei, fals!\u201d, a declarat Diana Buzoianu, \u00een plenul Parlamentului.<\/p>\n<p>Diana Buzoianu a mers la barajul Paltinu din Prahova dup\u0103 ce peste o 100.000 de rom\u00e2ni au fost l\u0103sa\u021bi f\u0103r\u0103 ap\u0103 potabil\u0103 de o s\u0103pt\u0103m\u00e2n\u0103.<\/p>\n<p>\u201dAm vrut s\u0103 v\u0103d cum arat\u0103 lucrurile f\u0103r\u0103 preg\u0103tire pentru autorit\u0103\u021bi oficiale tocmai pentru c\u0103 ne dormi s\u0103 vedem realitatea, nu ne dorim s\u0103 vedem o realitate cosmetizat\u0103\u201d, a mai spus rezista de la Mediu.\u00a0<\/p>\n<p>\u0218i ministrul rezist de la Externe, Oana \u021aoiu d\u0103 dovad\u0103 de ipocrizie uria\u0219\u0103. A ajuns s\u0103 vorbeasc\u0103 despre securitatea Rom\u00e2niei \u00een fa\u021ba dronelor ruse\u0219ti la ONU. \u00cens\u0103, chiar dac\u0103, o dron\u0103 a ajuns \u00een spa\u021biul aerian rom\u00e2nesc, aceasta nu a fost dobor\u00e2t\u0103, a\u0219a cum ar fi trebuit potrivit declara\u021biilor lui Ionu\u021b Mo\u0219teanu \u0219i Nicu\u0219or Dan.<\/p>\n<p>\u201dAst\u0103zi, vorbesc \u00een numele Rom\u00e2niei. Suntem \u021bara cu cea mai mare grani\u021b\u0103 cu Ucraina dintre to\u021bi vecinii ei pa\u0219nici \u0219i una dintre \u021b\u0103rile al c\u0103ror spa\u021biu aerian suveran a fost testat de Rusia \u00een diferite ocazii de la \u00eenceputul r\u0103zboiului de agresiune \u00eempotriva Ucrainei. \u00cen acela\u0219i timp, r\u0103zboiul declan\u0219at de Rusia ar putea afecta securitatea \u00een Marea Neagr\u0103, cu excep\u021bia cazului \u00een care, \u00eempreun\u0103 cu vecinii no\u0219tri \u0219i partenerii interna\u021bionali, investim \u00een instrumente defensive \u0219i de avertizare timpurie, cum ar fi o abordare comun\u0103 a securit\u0103\u021bii maritime at\u00e2t \u00een cadrul Uniunii Europene, c\u00e2t \u0219i \u00eentre participan\u021bii la ini\u021biativa M\u0103rii Negre \u0219i NATO\u201d, a afirmat Oana \u021aoiu.\u00a0<\/p>\n<p>Ministrul rezist al Economiei a plecat \u00een deplasare \u00een Arabia Saudit\u0103 s\u0103 stea la discu\u021bii cu omologul s\u0103u arab. Radu Miru\u021b\u0103 s-a l\u0103udat c\u0103 toate costurile vizitei sale au fost pl\u0103tite de unul dintre cele mai bogate state din Golful Persic. Exper\u021bii critic\u0103 \u00eens\u0103 decizia ministrului, pentru c\u0103 poate fi, de fapt, \u00een dezavantajul Rom\u00e2niei.<\/p>\n<p>Ilie Bolojan a anun\u021bat c\u0103 nu vor fi major\u0103ri de salarii sau de pensii \u00een 2026. O alt\u0103 dovad\u0103 c\u0103 Guvernul condus de acesta \u00een continuare taxeaz\u0103 am\u0103r\u00e2\u021bii pentru a proteja str\u0103inii.<\/p>\n<p>\u201dOpinia mea personal\u0103 este c\u0103 nu exist\u0103 o solu\u021bie magic\u0103 care s\u0103 aib\u0103, exact ca la alegerile dintr-un tur sau din dou\u0103 tururi, doar avantaje \u0219i dezavantaje, dar analiz\u00e2nd situa\u021bia de ast\u0103zi op\u021biunea mea personal\u0103 este s\u0103 men\u021binem salariul minim la nivelul din anul acesta \u0219i anul viitor\u201d, a men\u021bionat Ilie Bolojan.\u00a0<\/p>","protected":false},"excerpt":{"rendered":"<p>Ionu\u021b Mo\u0219teanu a plecat din fruntea Ministerului Ap\u0103r\u0103rii dup\u0103 un mandat de 5 luni, \u00een&hellip;<\/p>\n","protected":false},"author":0,"featured_media":51359,"comment_status":"open","ping_status":"open","sticky":false,"template":"","format":"standard","meta":{"footnotes":""},"categories":[2],"tags":[],"class_list":["post-51362","post","type-post","status-publish","format-standard","has-post-thumbnail","hentry","category-actual"],"_links":{"self":[{"href":"https:\/\/247stiri.ro\/index.php\/wp-json\/wp\/v2\/posts\/51362","targetHints":{"allow":["GET"]}}],"collection":[{"href":"https:\/\/247stiri.ro\/index.php\/wp-json\/wp\/v2\/posts"}],"about":[{"href":"https:\/\/247stiri.ro\/index.php\/wp-json\/wp\/v2\/types\/post"}],"replies":[{"embeddable":true,"href":"https:\/\/247stiri.ro\/index.php\/wp-json\/wp\/v2\/comments?post=51362"}],"version-history":[{"count":0,"href":"https:\/\/247stiri.ro\/index.php\/wp-json\/wp\/v2\/posts\/51362\/revisions"}],"wp:featuredmedia":[{"embeddable":true,"href":"https:\/\/247stiri.ro\/index.php\/wp-json\/wp\/v2\/media\/51359"}],"wp:attachment":[{"href":"https:\/\/247stiri.ro\/index.php\/wp-json\/wp\/v2\/media?parent=51362"}],"wp:term":[{"taxonomy":"category","embeddable":true,"href":"https:\/\/247stiri.ro\/index.php\/wp-json\/wp\/v2\/categories?post=51362"},{"taxonomy":"post_tag","embeddable":true,"href":"https:\/\/247stiri.ro\/index.php\/wp-json\/wp\/v2\/tags?post=51362"}],"curies":[{"name":"wp","href":"https:\/\/api.w.org\/{rel}","templated":true}]}}