{"id":51363,"date":"2025-12-11T20:45:00","date_gmt":"2025-12-11T20:45:00","guid":{"rendered":"https:\/\/247stiri.ro\/index.php\/2025\/12\/11\/alerta-in-braila-o-fata-de-14-ani-a-disparut-iar-tatal-a-anuntat-politia-abia-dupa-o-saptamana\/"},"modified":"2025-12-11T20:45:00","modified_gmt":"2025-12-11T20:45:00","slug":"alerta-in-braila-o-fata-de-14-ani-a-disparut-iar-tatal-a-anuntat-politia-abia-dupa-o-saptamana","status":"publish","type":"post","link":"https:\/\/247stiri.ro\/index.php\/2025\/12\/11\/alerta-in-braila-o-fata-de-14-ani-a-disparut-iar-tatal-a-anuntat-politia-abia-dupa-o-saptamana\/","title":{"rendered":"Alert\u0103 \u00een Br\u0103ila: o fat\u0103 de 14 ani a disp\u0103rut, iar tat\u0103l a anun\u021bat poli\u021bia abia dup\u0103 o s\u0103pt\u0103m\u00e2n\u0103"},"content":{"rendered":"<p>Minora, identificat\u0103 drept C\u0103lin Alesia Oana, locuie\u0219te \u00een comuna Ulmu, iar ultima dat\u0103 a fost v\u0103zut\u0103 pe 30 noiembrie, \u00een jurul orei 18:30, c\u00e2nd a plecat de la domiciliu \u0219i nu s-a mai \u00eentors.<\/p>\n<p>\u00cent\u00e2rziere \u00een raportarea dispari\u021biei<\/p>\n<p>P\u0103rintele fetei, un b\u0103rbat de 42 de ani, le-a spus poli\u021bi\u0219tilor c\u0103 adolescenta a mai plecat de acas\u0103 \u00een trecut, \u00eens\u0103 de fiecare dat\u0103 revenea dup\u0103 c\u00e2teva zile. Pentru c\u0103 situa\u021bia de aceast\u0103 dat\u0103 s-a prelungit neobi\u0219nuit de mult, a decis s\u0103 anun\u021be autorit\u0103\u021bile.<\/p>\n<p>Semnalmentele tinerei<\/p>\n<p><a href=\"https:\/\/www.realitatea.net\/stiri\/extern\/alerta-in-germania-o-romanca-de-38-de-ani-disparuta-fara-urma-familia-o-cauta-cu-disperare-de-o-saptamana_691d99571f7d89274f7610f2\" target=\"_blank\">La momentul dispari\u021biei<\/a>, fata purta:<\/p>\n<p>blugi alba\u0219tri<\/p>\n<p>geac\u0103 neagr\u0103<\/p>\n<p>\u00eenc\u0103l\u021b\u0103minte sport<\/p>\n<p>Alesia are 1,55 m \u00een\u0103l\u021bime, aproximativ 50 kg, p\u0103r brunet \u0219i ochi c\u0103prui. Av\u00e2nd \u00een vedere perioada scurs\u0103 \u0219i lipsa oric\u0103rei informa\u021bii despre traseul ei, a fost solicitat\u0103 c\u0103utarea la nivel na\u021bional \u0219i interna\u021bional.<\/p>\n<p>Cei care au v\u0103zut-o sau pot oferi indicii <a href=\"https:\/\/www.realitatea.net\/stiri\/actual\/alerta-disparitie-la-constanta-o-adolescenta-de-17-ani-este-de-negasit_68da8ccd3d4f2128db0be462\" target=\"_blank\">sunt ruga\u021bi s\u0103 sune<\/a> de urgen\u021b\u0103 la 112.<\/p>\n<p>\u00a0<\/p>\n<p class=\"pf0\">\u00a0<\/p>","protected":false},"excerpt":{"rendered":"<p>Minora, identificat\u0103 drept C\u0103lin Alesia Oana, locuie\u0219te \u00een comuna Ulmu, iar ultima dat\u0103 a fost&hellip;<\/p>\n","protected":false},"author":0,"featured_media":51364,"comment_status":"open","ping_status":"open","sticky":false,"template":"","format":"standard","meta":{"footnotes":""},"categories":[2],"tags":[],"class_list":["post-51363","post","type-post","status-publish","format-standard","has-post-thumbnail","hentry","category-actual"],"_links":{"self":[{"href":"https:\/\/247stiri.ro\/index.php\/wp-json\/wp\/v2\/posts\/51363","targetHints":{"allow":["GET"]}}],"collection":[{"href":"https:\/\/247stiri.ro\/index.php\/wp-json\/wp\/v2\/posts"}],"about":[{"href":"https:\/\/247stiri.ro\/index.php\/wp-json\/wp\/v2\/types\/post"}],"replies":[{"embeddable":true,"href":"https:\/\/247stiri.ro\/index.php\/wp-json\/wp\/v2\/comments?post=51363"}],"version-history":[{"count":0,"href":"https:\/\/247stiri.ro\/index.php\/wp-json\/wp\/v2\/posts\/51363\/revisions"}],"wp:featuredmedia":[{"embeddable":true,"href":"https:\/\/247stiri.ro\/index.php\/wp-json\/wp\/v2\/media\/51364"}],"wp:attachment":[{"href":"https:\/\/247stiri.ro\/index.php\/wp-json\/wp\/v2\/media?parent=51363"}],"wp:term":[{"taxonomy":"category","embeddable":true,"href":"https:\/\/247stiri.ro\/index.php\/wp-json\/wp\/v2\/categories?post=51363"},{"taxonomy":"post_tag","embeddable":true,"href":"https:\/\/247stiri.ro\/index.php\/wp-json\/wp\/v2\/tags?post=51363"}],"curies":[{"name":"wp","href":"https:\/\/api.w.org\/{rel}","templated":true}]}}