{"id":51398,"date":"2025-12-12T06:45:19","date_gmt":"2025-12-12T06:45:19","guid":{"rendered":"https:\/\/247stiri.ro\/index.php\/2025\/12\/12\/ministrul-justitiei-reactie-dupa-scandalul-urias-provocat-de-documentarul-recorder\/"},"modified":"2025-12-12T06:45:19","modified_gmt":"2025-12-12T06:45:19","slug":"ministrul-justitiei-reactie-dupa-scandalul-urias-provocat-de-documentarul-recorder","status":"publish","type":"post","link":"https:\/\/247stiri.ro\/index.php\/2025\/12\/12\/ministrul-justitiei-reactie-dupa-scandalul-urias-provocat-de-documentarul-recorder\/","title":{"rendered":"Ministrul Justi\u021biei, reac\u021bie dup\u0103 scandalul uria\u0219 provocat de documentarul Recorder"},"content":{"rendered":"<p>Ministrul Justi\u021biei, Radu Marinescu, respinge categoric ideea c\u0103 magistra\u021bii ar putea fi persecuta\u021bi pentru opiniile lor \u0219i cere clarificarea tuturor aspectelor semnalate.<\/p>\n<p>\u201eEste inacceptabil\u0103 orice form\u0103 de persecu\u021bie a unei persoane pentru c\u0103 ar sesiza aspecte care, \u00een opinia sa, constituie disfunc\u021bionalit\u0103\u021bi sau abuzuri \u00een sistemul \u00een care activeaz\u0103. Astfel de sesiz\u0103ri trebuie verificate \u0219i clarificate, nu reprimate\u201d, a declarat ministrul, ][][ntr-un mesaj publicat pe Facebook. El a subliniat c\u0103 toate acuza\u021biile prezentate \u201etrebuie clarificate de c\u0103tre magistra\u021bi, put\u00e2nd fi confirmate sau infirmate factual\u201d.<\/p>\n<p>Radu Marinescu afirm\u0103 c\u0103, \u00een calitate de ministru \u0219i membru de drept al CSM, va ac\u021biona pentru a l\u0103muri situa\u021bia: \u201eVoi ac\u021biona, cu respectarea legii \u0219i a independen\u021bei justi\u021biei, pentru a clarifica aceste acuza\u021bii aduse \u00een documentar\u201d.<\/p>\n<p>Ministrul a vorbit \u0219i despre diversitatea de opinii din interiorul sistemului judiciar, pe care o consider\u0103 fireasc\u0103, dar avertizeaz\u0103 asupra riscului unor abord\u0103ri punitive: \u201eDivergen\u021bele de opinie sunt normale \u00eentr-un sistem cu component\u0103 electiv\u0103 \u0219i competitiv\u0103, dar sub nicio form\u0103 nu trebuie s\u0103 conduc\u0103 la abord\u0103ri revan\u0219arde, punitive sau opresive ale celor care g\u00e2ndesc altfel\u201d.<\/p>\n<p>Marinescu sus\u021bine c\u0103, de la preluarea mandatului, nu a primit nicio sesizare privind persecu\u021bii sau nereguli \u00een activitatea CSM: \u201eNu am primit nicio sesizare a vreunui magistrat c\u0103 ar exista persecu\u021bii de natura celor invocate. Orice magistrat poate semnala astfel de situa\u021bii, nu doar public, ci \u0219i organelor competente \u0219i Ministerului Justi\u021biei\u201d. De asemenea, el afirm\u0103 c\u0103 nu au existat sesiz\u0103ri privind \u201enereguli \u00een desf\u0103\u0219urarea activit\u0103\u021bii CSM, alegerilor sau concursurilor pentru func\u021biile de conducere\u201d.<\/p>\n<p>\u00cen final, ministrul a reamintit c\u0103 legile justi\u021biei adoptate \u00een 2022 au fost validate la nivel european \u0219i sunt parte din angajamentele asumate prin PNRR: \u201eOrice lege poate fi modificat\u0103 \u00een acord cu evolu\u021bia societ\u0103\u021bii, \u00een baza unui acord politic bazat pe informa\u021bie complet\u0103, real\u0103 \u0219i obiectiv\u0103, \u00een limitele cadrului PNRR \u0219i ale rapoartelor privind statul de drept\u201d.<\/p>","protected":false},"excerpt":{"rendered":"<p>Ministrul Justi\u021biei, Radu Marinescu, respinge categoric ideea c\u0103 magistra\u021bii ar putea fi persecuta\u021bi pentru opiniile&hellip;<\/p>\n","protected":false},"author":0,"featured_media":51399,"comment_status":"open","ping_status":"open","sticky":false,"template":"","format":"standard","meta":{"footnotes":""},"categories":[2],"tags":[],"class_list":["post-51398","post","type-post","status-publish","format-standard","has-post-thumbnail","hentry","category-actual"],"_links":{"self":[{"href":"https:\/\/247stiri.ro\/index.php\/wp-json\/wp\/v2\/posts\/51398","targetHints":{"allow":["GET"]}}],"collection":[{"href":"https:\/\/247stiri.ro\/index.php\/wp-json\/wp\/v2\/posts"}],"about":[{"href":"https:\/\/247stiri.ro\/index.php\/wp-json\/wp\/v2\/types\/post"}],"replies":[{"embeddable":true,"href":"https:\/\/247stiri.ro\/index.php\/wp-json\/wp\/v2\/comments?post=51398"}],"version-history":[{"count":0,"href":"https:\/\/247stiri.ro\/index.php\/wp-json\/wp\/v2\/posts\/51398\/revisions"}],"wp:featuredmedia":[{"embeddable":true,"href":"https:\/\/247stiri.ro\/index.php\/wp-json\/wp\/v2\/media\/51399"}],"wp:attachment":[{"href":"https:\/\/247stiri.ro\/index.php\/wp-json\/wp\/v2\/media?parent=51398"}],"wp:term":[{"taxonomy":"category","embeddable":true,"href":"https:\/\/247stiri.ro\/index.php\/wp-json\/wp\/v2\/categories?post=51398"},{"taxonomy":"post_tag","embeddable":true,"href":"https:\/\/247stiri.ro\/index.php\/wp-json\/wp\/v2\/tags?post=51398"}],"curies":[{"name":"wp","href":"https:\/\/api.w.org\/{rel}","templated":true}]}}