{"id":51627,"date":"2025-12-13T15:44:56","date_gmt":"2025-12-13T15:44:56","guid":{"rendered":"https:\/\/247stiri.ro\/index.php\/2025\/12\/13\/una-dintre-cele-mai-apreciate-cantarete-din-romania-a-trecut-prin-iad-din-cauza-unei-operatii-estetice-decizie-proasta\/"},"modified":"2025-12-13T15:44:56","modified_gmt":"2025-12-13T15:44:56","slug":"una-dintre-cele-mai-apreciate-cantarete-din-romania-a-trecut-prin-iad-din-cauza-unei-operatii-estetice-decizie-proasta","status":"publish","type":"post","link":"https:\/\/247stiri.ro\/index.php\/2025\/12\/13\/una-dintre-cele-mai-apreciate-cantarete-din-romania-a-trecut-prin-iad-din-cauza-unei-operatii-estetice-decizie-proasta\/","title":{"rendered":"Una dintre cele mai apreciate c\u00e2nt\u0103re\u021be din Rom\u00e2nia a trecut prin iad din cauza unei opera\u021bii estetice. \u201eDecizie proast\u0103\u201d"},"content":{"rendered":"<p>Una dintre cele mai \u00eendr\u0103gite artiste din Rom\u00e2nia a dezv\u0103luit c\u0103 a trecut prin momente de co\u0219mar. A stat internat\u0103 11 zile \u00een spital din cauza unei infec\u021bii. C\u00e2nt\u0103rea\u021ba de 36 de ani poveste\u0219te c\u0103 totul s-a \u00eent\u00e2mplat din cauza unei interven\u021bii estetice pe care sus\u021bine c\u0103 a f\u0103cut-o \u00een urm\u0103 cu opt ani.<\/p>\n<p>\u00centr-un mesaj amplu, postat pe Instagram, artista a povestit c\u0103 trecut prin c\u00e2teva luni extrem de dificile, dup\u0103 ce o interven\u021bie estetic\u0103 minor\u0103 s-a transformat \u00eentr-un co\u0219mar.<\/p>\n<p>\u201eM-am g\u00e2ndit mult \u00eenainte s\u0103 scriu mesajul \u0103sta\u2026 dac\u0103 s\u0103 postez a\u0219a ceva sau nu, pentru c\u0103 eu sunt o persoan\u0103 destul de privat\u0103. \u00cens\u0103 simt nevoia s\u0103 v\u0103 spun c\u0103 anul \u0103sta a fost extrem de dificil pentru mine\u201d, a scris Antonia.<\/p>\n<p>Artista a continuat \u0219irul declara\u021biilor, explic\u00e2nd c\u0103 totul a \u00eenceput \u00een luna iunie, c\u00e2nd a trecut printr-o procedur\u0103 estetic\u0103 la nivelul feselor \u0219i, anume, injectarea substan\u021bei Aquafilling pentru a ob\u021bine un aspect mai bombat. \u201eDecizie proast\u0103\u201d, a m\u0103rturisit artista, afirm\u00e2nd c\u0103 a fost o alegere f\u0103cut\u0103 din dorin\u021ba de a ar\u0103ta \u201emai bine\u201d, \u00eentr-o lume \u00een care presiunea social media este uria\u0219\u0103.\u00a0<a title='Ce a patit o tanara care s-a urcat in avion imediat dupa o operatie estetica. ,,Evident ca era sange\"' href=\"https:\/\/www.realitatea.net\/stiri\/extern\/ce-a-patit-o-tanara-care-sa-urcat-in-avion-imediat-dupa-o-operatie-estetica-evident-ca-era-sange_635e50ce57219801dd1538e2\">Ce a p\u0103\u021bit o t\u00e2n\u0103r\u0103 care s-a urcat \u00een avion imediat dup\u0103 o opera\u021bie estetic\u0103. \u201eEvident c\u0103 era s\u00e2nge\u201d<\/a><\/p>\n<p>Complica\u021biile au ap\u0103rut rapid \u0219i au fost at\u00e2t de grave \u00eenc\u00e2t artista a ajuns s\u0103 aib\u0103 nevoie de trei interven\u021bii chirurgicale pentru a-i fi \u00eendep\u0103rtat\u0103 substan\u021ba \u0219i pentru a-i fi tratat\u0103 infec\u021bia.<\/p>\n<p>\u201eAm trecut printr-o experien\u021b\u0103 traumatic\u0103 \u0219i periculoas\u0103, care sincer ar fi putut s\u0103 aib\u0103 un final tragic\u201d, a dezv\u0103luit ea. \u201eOrice interven\u021bie, oric\u00e2t de mic\u0103 \u021bi se pare, poate deveni un pericol real pentru s\u0103n\u0103tatea ta\u201d, a mai subliniat ea.<\/p>\n<p>\u00cen ultimii ani, Antonia a recunoscut \u00een ultima vreme c\u0103 a apelat \u0219i la o opera\u021bie de liposuc\u021bie dup\u0103 na\u0219terea celui de-al treilea copil.\u00a0<\/p>\n<p><a title=\"Bianca Dragusanu, clipe de cosmar dupa ultima operatie estetica. A ramas semiparalizata\" href=\"https:\/\/www.realitatea.net\/stiri\/monden\/bianca-dragusanu-clipe-de-cosmar-dupa-ultima-operatie-estetica-a-ramas-semiparalizata_66ed23a8eca08c00fe4b8378\">Bianca Dr\u0103gu\u0219anu, clipe de co\u0219mar dup\u0103 ultima opera\u021bie estetic\u0103. A r\u0103mas semiparalizat\u0103<\/a><\/p>","protected":false},"excerpt":{"rendered":"<p>Una dintre cele mai \u00eendr\u0103gite artiste din Rom\u00e2nia a dezv\u0103luit c\u0103 a trecut prin momente&hellip;<\/p>\n","protected":false},"author":0,"featured_media":51608,"comment_status":"open","ping_status":"open","sticky":false,"template":"","format":"standard","meta":{"footnotes":""},"categories":[2],"tags":[],"class_list":["post-51627","post","type-post","status-publish","format-standard","has-post-thumbnail","hentry","category-actual"],"_links":{"self":[{"href":"https:\/\/247stiri.ro\/index.php\/wp-json\/wp\/v2\/posts\/51627","targetHints":{"allow":["GET"]}}],"collection":[{"href":"https:\/\/247stiri.ro\/index.php\/wp-json\/wp\/v2\/posts"}],"about":[{"href":"https:\/\/247stiri.ro\/index.php\/wp-json\/wp\/v2\/types\/post"}],"replies":[{"embeddable":true,"href":"https:\/\/247stiri.ro\/index.php\/wp-json\/wp\/v2\/comments?post=51627"}],"version-history":[{"count":0,"href":"https:\/\/247stiri.ro\/index.php\/wp-json\/wp\/v2\/posts\/51627\/revisions"}],"wp:featuredmedia":[{"embeddable":true,"href":"https:\/\/247stiri.ro\/index.php\/wp-json\/wp\/v2\/media\/51608"}],"wp:attachment":[{"href":"https:\/\/247stiri.ro\/index.php\/wp-json\/wp\/v2\/media?parent=51627"}],"wp:term":[{"taxonomy":"category","embeddable":true,"href":"https:\/\/247stiri.ro\/index.php\/wp-json\/wp\/v2\/categories?post=51627"},{"taxonomy":"post_tag","embeddable":true,"href":"https:\/\/247stiri.ro\/index.php\/wp-json\/wp\/v2\/tags?post=51627"}],"curies":[{"name":"wp","href":"https:\/\/api.w.org\/{rel}","templated":true}]}}