{"id":5163,"date":"2024-11-06T18:45:02","date_gmt":"2024-11-06T18:45:02","guid":{"rendered":"https:\/\/247stiri.ro\/index.php\/2024\/11\/06\/jaf-de-60-000-euro-la-sibiu-la-un-an-de-la-uciderea-milionarului-adrian-kreiner-scenariul-este-aproape-tras-la-indigo\/"},"modified":"2024-11-06T18:45:02","modified_gmt":"2024-11-06T18:45:02","slug":"jaf-de-60-000-euro-la-sibiu-la-un-an-de-la-uciderea-milionarului-adrian-kreiner-scenariul-este-aproape-tras-la-indigo","status":"publish","type":"post","link":"https:\/\/247stiri.ro\/index.php\/2024\/11\/06\/jaf-de-60-000-euro-la-sibiu-la-un-an-de-la-uciderea-milionarului-adrian-kreiner-scenariul-este-aproape-tras-la-indigo\/","title":{"rendered":"Jaf de 60.000 euro la Sibiu, la un an de la uciderea milionarului Adrian Kreiner. Scenariul este aproape tras la indigo"},"content":{"rendered":"<p>Alarma s-a dat dup\u0103 ce fiica pensionarei a sunat la 112 \u0219i a anun\u021bat c\u0103 b\u0103tr\u00e2na a fost agresat\u0103 de doi t\u00e2lhari care au dat buzna peste ea \u0219i i-au furat toate economiile.<\/p>\n<p>La fa\u021ba locului au ajuns poli\u021bi\u0219tii \u0219i au luat-o pe urmele celor doi indivizi. \u00cen timpul acesta, t\u00e2lharii s-au deplasat \u00een localitatea Cristiana, unde au intrat \u00een casa altei femei pe care au amenin\u021bat-o cu moartea \u0219i ar fi sustras mai multe carduri bancare.<\/p>\n<p>Pentru a-\u0219i ascunde urmele cei doi \u0219i-au incendiat ma\u0219ina, \u00eens\u0103 acest lucru i-a f\u0103cut pe anchetatori s\u0103 \u00eei g\u0103seasc\u0103. Indivizii se afl\u0103 acum \u00een spate.<\/p>\n<p><a title=\"Procesul asasinatului omului de afaceri Adrian Kreiner a inceput cu o amanare! Unul dintre asasini este in continuare cautat international\" href=\"https:\/\/www.realitatea.net\/stiri\/actual\/procesul-asasinatului-omului-de-afaceri-adrian-kreiner-a-inceput-cu-o-amanare-unul-dintre-asasini-este-in-continuare-cautat-international_672096a46d6f792c397cb352\">Procesul asasinatului omului de afaceri Adrian Kreiner a \u00eenceput cu o am\u00e2nare! Unul dintre asasini este \u00een continuare c\u0103utat interna\u021bional<\/a><\/p>\n<p>Unul din ho\u0163i a fost recunoscut de un poli\u021bist<\/p>\n<p>Poli\u021bi\u0219tii au pornit \u00een c\u0103utarea indivizilor, iar \u00een urma cercet\u0103rilor f\u0103cute au reu\u0219it s\u0103-i identifice \u00een localitatea Murgheni din jude\u021bul Mure\u0219. Practic, acolo \u00eencercau s\u0103 se ascund\u0103 \u00een locuin\u021ba concubinei unuia dintre ei, dup\u0103 ce anterior au \u00eencercat s\u0103 scape de urme.<\/p>","protected":false},"excerpt":{"rendered":"<p>Alarma s-a dat dup\u0103 ce fiica pensionarei a sunat la 112 \u0219i a anun\u021bat c\u0103&hellip;<\/p>\n","protected":false},"author":0,"featured_media":5164,"comment_status":"open","ping_status":"open","sticky":false,"template":"","format":"standard","meta":{"footnotes":""},"categories":[2],"tags":[],"class_list":["post-5163","post","type-post","status-publish","format-standard","has-post-thumbnail","hentry","category-actual"],"_links":{"self":[{"href":"https:\/\/247stiri.ro\/index.php\/wp-json\/wp\/v2\/posts\/5163","targetHints":{"allow":["GET"]}}],"collection":[{"href":"https:\/\/247stiri.ro\/index.php\/wp-json\/wp\/v2\/posts"}],"about":[{"href":"https:\/\/247stiri.ro\/index.php\/wp-json\/wp\/v2\/types\/post"}],"replies":[{"embeddable":true,"href":"https:\/\/247stiri.ro\/index.php\/wp-json\/wp\/v2\/comments?post=5163"}],"version-history":[{"count":0,"href":"https:\/\/247stiri.ro\/index.php\/wp-json\/wp\/v2\/posts\/5163\/revisions"}],"wp:featuredmedia":[{"embeddable":true,"href":"https:\/\/247stiri.ro\/index.php\/wp-json\/wp\/v2\/media\/5164"}],"wp:attachment":[{"href":"https:\/\/247stiri.ro\/index.php\/wp-json\/wp\/v2\/media?parent=5163"}],"wp:term":[{"taxonomy":"category","embeddable":true,"href":"https:\/\/247stiri.ro\/index.php\/wp-json\/wp\/v2\/categories?post=5163"},{"taxonomy":"post_tag","embeddable":true,"href":"https:\/\/247stiri.ro\/index.php\/wp-json\/wp\/v2\/tags?post=5163"}],"curies":[{"name":"wp","href":"https:\/\/api.w.org\/{rel}","templated":true}]}}