{"id":51632,"date":"2025-12-13T16:45:46","date_gmt":"2025-12-13T16:45:46","guid":{"rendered":"https:\/\/247stiri.ro\/index.php\/2025\/12\/13\/tragedie-la-statia-de-metrou-crangasi-o-femeie-s-a-sinucis-sub-ochii-inspaimantati-ai-calatorilor\/"},"modified":"2025-12-13T16:45:46","modified_gmt":"2025-12-13T16:45:46","slug":"tragedie-la-statia-de-metrou-crangasi-o-femeie-s-a-sinucis-sub-ochii-inspaimantati-ai-calatorilor","status":"publish","type":"post","link":"https:\/\/247stiri.ro\/index.php\/2025\/12\/13\/tragedie-la-statia-de-metrou-crangasi-o-femeie-s-a-sinucis-sub-ochii-inspaimantati-ai-calatorilor\/","title":{"rendered":"Tragedie la sta\u021bia de metrou Cr\u00e2nga\u0219i. O femeie s-a sinucis sub ochii \u00eensp\u0103im\u00e2nta\u021bi ai c\u0103l\u0103torilor"},"content":{"rendered":"<p>Incidentul s-a soldat cu moartea acesteia, iar circula\u021bia trenurilor a fost \u00eentrerupt\u0103 pentru o perioad\u0103 de timp.<\/p>\n<p>\u00cen urma impactului, femeia a fost prins\u0103 sub ro\u021bile trenului. Garniturile care circulau pe linia respectiv\u0103 au fost deviate pe sensul opus, pentru a permite accesul echipelor de interven\u021bie. Salvatorii au ac\u021bionat la fa\u021ba locului pentru recuperarea trupului ne\u00eensufle\u021bit.<\/p>\n<p>Reluarea circula\u021biei<\/p>\n<p>Dup\u0103 finalizarea opera\u021biunilor, corpul victimei a fost scos de sub tren, iar circula\u021bia metrourilor a fost repornit\u0103 pe linia afectat\u0103.\u00a0\u00a0<\/p>\n<p><a title=',,Curatenie generala\" la metrou. Momentul ireal in care un tanar a inceput sa dea cu aspiratorul printre calatori VIDEO' href=\"https:\/\/www.realitatea.net\/stiri\/actual\/curatenie-generala-la-metrou-momentul-ireal-in-care-un-tanar-a-inceput-sa-dea-cu-aspiratorul-printre-calatori-video_693735e4bab2ce5d0276fc79\">\u201eCur\u0103\u021benie general\u0103\u201d la metrou. Momentul ireal \u00een care un t\u00e2n\u0103r a \u00eenceput s\u0103 dea cu aspiratorul printre c\u0103l\u0103tori VIDEO<\/a><\/p>","protected":false},"excerpt":{"rendered":"<p>Incidentul s-a soldat cu moartea acesteia, iar circula\u021bia trenurilor a fost \u00eentrerupt\u0103 pentru o perioad\u0103&hellip;<\/p>\n","protected":false},"author":0,"featured_media":51633,"comment_status":"open","ping_status":"open","sticky":false,"template":"","format":"standard","meta":{"footnotes":""},"categories":[2],"tags":[],"class_list":["post-51632","post","type-post","status-publish","format-standard","has-post-thumbnail","hentry","category-actual"],"_links":{"self":[{"href":"https:\/\/247stiri.ro\/index.php\/wp-json\/wp\/v2\/posts\/51632","targetHints":{"allow":["GET"]}}],"collection":[{"href":"https:\/\/247stiri.ro\/index.php\/wp-json\/wp\/v2\/posts"}],"about":[{"href":"https:\/\/247stiri.ro\/index.php\/wp-json\/wp\/v2\/types\/post"}],"replies":[{"embeddable":true,"href":"https:\/\/247stiri.ro\/index.php\/wp-json\/wp\/v2\/comments?post=51632"}],"version-history":[{"count":0,"href":"https:\/\/247stiri.ro\/index.php\/wp-json\/wp\/v2\/posts\/51632\/revisions"}],"wp:featuredmedia":[{"embeddable":true,"href":"https:\/\/247stiri.ro\/index.php\/wp-json\/wp\/v2\/media\/51633"}],"wp:attachment":[{"href":"https:\/\/247stiri.ro\/index.php\/wp-json\/wp\/v2\/media?parent=51632"}],"wp:term":[{"taxonomy":"category","embeddable":true,"href":"https:\/\/247stiri.ro\/index.php\/wp-json\/wp\/v2\/categories?post=51632"},{"taxonomy":"post_tag","embeddable":true,"href":"https:\/\/247stiri.ro\/index.php\/wp-json\/wp\/v2\/tags?post=51632"}],"curies":[{"name":"wp","href":"https:\/\/api.w.org\/{rel}","templated":true}]}}