{"id":51638,"date":"2025-12-13T17:45:27","date_gmt":"2025-12-13T17:45:27","guid":{"rendered":"https:\/\/247stiri.ro\/index.php\/2025\/12\/13\/dorel-recidiveaza-stalpi-de-electricitate-amplasati-direct-pe-trotuar-pietonii-sunt-nevoiti-sa-mearga-pe-carosabil-ca-sa-nu-ii-ia-in-brate\/"},"modified":"2025-12-13T17:45:27","modified_gmt":"2025-12-13T17:45:27","slug":"dorel-recidiveaza-stalpi-de-electricitate-amplasati-direct-pe-trotuar-pietonii-sunt-nevoiti-sa-mearga-pe-carosabil-ca-sa-nu-ii-ia-in-brate","status":"publish","type":"post","link":"https:\/\/247stiri.ro\/index.php\/2025\/12\/13\/dorel-recidiveaza-stalpi-de-electricitate-amplasati-direct-pe-trotuar-pietonii-sunt-nevoiti-sa-mearga-pe-carosabil-ca-sa-nu-ii-ia-in-brate\/","title":{"rendered":"Dorel recidiveaz\u0103. St\u00e2lpi de electricitate amplasa\u021bi direct pe trotuar. Pietonii sunt nevoi\u021bi s\u0103 mearg\u0103 pe carosabil, ca s\u0103 nu \u00eei ia \u00een bra\u021be"},"content":{"rendered":"<p>Un localnic a semnalat problema pe re\u021belele sociale, scriind: \u201eAsa se fac trotuarele \u00een Slobozia Noua pe strada Margini. Domnule primar, sunte\u021bi de acord? Dorel a gre\u0219it proiectul, pietonul merge pe \u0219osea \u0219i st\u00e2lpii stau bine-mersi pe trotuar\u201d.<\/p>\n<p>Interven\u021bia primarului<\/p>\n<p>O filmare publicat\u0103 pe TikTok a devenit viral\u0103, surprinz\u00e2nd reac\u021bia primarului Alexandru Potor. Acesta s-a deplasat pe \u0219antier \u0219i i-a mustrat pe cei care au realizat lucr\u0103rile. \u201eSt\u00e2lpii sunt pu\u0219i pe trotuar. Voi ce profesie ave\u021bi? Aparent, cizmari. De ce i-a\u021bi l\u0103sat \u00een trotuar? Explica\u021bi voi, c\u0103 lumea m\u0103 \u00eenjur\u0103 pe mine. N-a\u021bi avut pe unde s\u0103 duce\u021bi trotuarul? \u0218i crede\u021bi c\u0103 o s\u0103 circule cineva? Suntem cascadorii r\u00e2sului. (\u2026) De ce a\u021bi f\u0103cut a\u0219a? B\u0103, nu se poate a\u0219a ceva. Pe banii cui face\u021bi modificarea asta, voi pl\u0103ti\u021bi, da? Ne-am \u00een\u021beles. Sunte\u021bi o firm\u0103 serioas\u0103, dar aici v-a\u021bi dat \u00een petec. Ceea ce a\u021bi f\u0103cut aici este o panaram\u0103\u201d, a spus primarul Alexandru Potor.<\/p>\n<p><a title=\"@potoralexandru1\" href=\"https:\/\/www.tiktok.com\/@potoralexandru1?refer=embed\" target=\"_blank\">@potoralexandru1<\/a> Nu tolerez lucr\u0103rile f\u0103cute de m\u00e2ntuial\u0103! \u27a1\ufe0f \u00cen Slobozia Nou\u0103, chiar dac\u0103 lucr\u0103rile au avansat la proiectul de asfaltare, au ap\u0103rut \u0219i gre\u0219eli de execu\u021bie semnalate de locuitori. Acestea vor fi remediate pe cheltuiala constructorului. \u203c\ufe0fNu voi accepta improviza\u021bii, solu\u021bii absurde sau situa\u021bii precum st\u00e2lpi \u00een mijlocul trotuarelor. \u2705\ufe0fLucr\u0103m \u00een plin\u0103 iarn\u0103, la insisten\u021bele multor cet\u0103\u021beni care au cerut interven\u021bii imediate. \u00cen astfel de condi\u021bii este firesc s\u0103 existe ap\u0103, noroi \u0219i disconfort, dar am considerat necesar s\u0103 pornim lucr\u0103rile f\u0103r\u0103 \u00eent\u00e2rziere. \u25b6\ufe0fV\u0103 mul\u021bumesc pentru r\u0103bdare \u0219i pentru implicare. Facem lucrurile temeinic, pentru o Slobozie \u00een care lucr\u0103rile sunt executate corect \u0219i cu respect fa\u021b\u0103 de comunitate. <a title=\"slobozia\" href=\"https:\/\/www.tiktok.com\/tag\/slobozia?refer=embed\" target=\"_blank\">#Slobozia<\/a> <a title=\"\u266c sunet original - Potor Alexandru\" href=\"https:\/\/www.tiktok.com\/music\/sunet-original-7583069306886277910?refer=embed\" target=\"_blank\">\u266c sunet original &#8211; Potor Alexandru<\/a>Refacerea lucr\u0103rii<\/p>\n<p>Edilul a precizat c\u0103 refacerea trotuarului va fi suportat\u0103 \u00een totalitate de firma de construc\u021bii, f\u0103r\u0103 cheltuieli din bugetul local. \u201ePe banii cui face\u021bi modificarea asta, voi pl\u0103ti\u021bi, da? Ne-am \u00een\u021beles. Sunte\u021bi o firm\u0103 serioas\u0103, dar aici v-a\u021bi dat \u00een petec. Ceea ce a\u021bi f\u0103cut aici este o panaram\u0103. M-a\u021bi f\u0103cut \u0219i pe mine de r\u00e2s\u201d, a mai transmis primarul.<\/p>\n<p><a title='Patinoar cu obstacole, marca \"Dorel\", la Ploiesti: doi stalpi si doua reflectoare, uitate in mijlocul suprafetei de patinaj' href=\"https:\/\/www.realitatea.net\/stiri\/actual\/patinoar-cu-obstacole-marca-dorel-la-ploiesti-doi-stalpi-si-doua-reflectoare-uitate-in-mijlocul-suprafetei-de-patinaj_6924199f19f6e102e121ff02\">Patinoar cu obstacole, marca &#8222;Dorel&#8221;, la Ploie\u0219ti: doi st\u00e2lpi \u0219i dou\u0103 reflectoare, uitate \u00een mijlocul suprafe\u021bei de patinaj<\/a><\/p>","protected":false},"excerpt":{"rendered":"<p>Un localnic a semnalat problema pe re\u021belele sociale, scriind: \u201eAsa se fac trotuarele \u00een Slobozia&hellip;<\/p>\n","protected":false},"author":0,"featured_media":51639,"comment_status":"open","ping_status":"open","sticky":false,"template":"","format":"standard","meta":{"footnotes":""},"categories":[2],"tags":[],"class_list":["post-51638","post","type-post","status-publish","format-standard","has-post-thumbnail","hentry","category-actual"],"_links":{"self":[{"href":"https:\/\/247stiri.ro\/index.php\/wp-json\/wp\/v2\/posts\/51638","targetHints":{"allow":["GET"]}}],"collection":[{"href":"https:\/\/247stiri.ro\/index.php\/wp-json\/wp\/v2\/posts"}],"about":[{"href":"https:\/\/247stiri.ro\/index.php\/wp-json\/wp\/v2\/types\/post"}],"replies":[{"embeddable":true,"href":"https:\/\/247stiri.ro\/index.php\/wp-json\/wp\/v2\/comments?post=51638"}],"version-history":[{"count":0,"href":"https:\/\/247stiri.ro\/index.php\/wp-json\/wp\/v2\/posts\/51638\/revisions"}],"wp:featuredmedia":[{"embeddable":true,"href":"https:\/\/247stiri.ro\/index.php\/wp-json\/wp\/v2\/media\/51639"}],"wp:attachment":[{"href":"https:\/\/247stiri.ro\/index.php\/wp-json\/wp\/v2\/media?parent=51638"}],"wp:term":[{"taxonomy":"category","embeddable":true,"href":"https:\/\/247stiri.ro\/index.php\/wp-json\/wp\/v2\/categories?post=51638"},{"taxonomy":"post_tag","embeddable":true,"href":"https:\/\/247stiri.ro\/index.php\/wp-json\/wp\/v2\/tags?post=51638"}],"curies":[{"name":"wp","href":"https:\/\/api.w.org\/{rel}","templated":true}]}}