{"id":51640,"date":"2025-12-13T17:45:28","date_gmt":"2025-12-13T17:45:28","guid":{"rendered":"https:\/\/247stiri.ro\/index.php\/2025\/12\/13\/george-simion-viitorul-ne-apartine-noua-viitorul-apartine-patriotilor-video\/"},"modified":"2025-12-13T17:45:28","modified_gmt":"2025-12-13T17:45:28","slug":"george-simion-viitorul-ne-apartine-noua-viitorul-apartine-patriotilor-video","status":"publish","type":"post","link":"https:\/\/247stiri.ro\/index.php\/2025\/12\/13\/george-simion-viitorul-ne-apartine-noua-viitorul-apartine-patriotilor-video\/","title":{"rendered":"George Simion: \u201eViitorul ne apar\u021bine nou\u0103. Viitorul apar\u021bine patrio\u021bilor\u201d &#8211; VIDEO"},"content":{"rendered":"<p>George Simion sus\u021bine c\u0103 oamenii din partidul pe care \u00eel conduce vor continua s\u0103 spun\u0103 adev\u0103rul \u0219i c\u0103 vor lua modelul liderilor conservatori din Uniunea European\u0103.\u00a0<\/p>\n<p>\u201eUn r\u0103spuns scurt \u0219i brutal este c\u0103 lumea ar \u00eenceta s\u0103 existe. \u0218i ceea ce v\u0103d \u00een viitor \u0219i \u00een lumea liber\u0103, de la Statele Unite la Uniunea European\u0103, este c\u0103 viitorul ne apar\u021bine nou\u0103. Viitorul apar\u021bine patrio\u021bilor.<\/p>\n<p>\u00a0\u00a0\u00a0\u00a0\u00a0View this post on Instagram\u00a0\u00a0\u00a0\u00a0\u00a0\u00a0\u00a0\u00a0\u00a0\u00a0\u00a0<\/p>\n<p><a href=\"https:\/\/www.instagram.com\/reel\/DSNX2Grgu22\/?utm_source=ig_embed&amp;utm_campaign=loading\" target=\"_blank\">A post shared by George Simion (@georgesimion.oficial)<\/a><\/p>\n<p>Vom continua s\u0103 spunem adev\u0103rul \u0219i singurul model care ne st\u0103 \u00een fa\u021b\u0103 este s\u0103 spunem adev\u0103rul \u0219i s\u0103 c\u00e2\u0219tig\u0103m puterea \u00een toate cele 27 de \u021b\u0103ri ale Uniunii Europene\u201d, a spus George Simion.<\/p>\n<p><a title='George Simion: ,,Justitia e acaparata. La fel ca tot statul. Intoarcerea doamnei Kovesi din februarie nu e solutia\" VIDEO' href=\"https:\/\/www.realitatea.net\/stiri\/actual\/george-simion-justitia-e-acaparata-la-fel-ca-tot-statul-intoarcerea-doamnei-kovesi-din-februarie-nu-e-solutia-video_693c39209e1a7c093f7754a6\">George Simion: \u201eJusti\u021bia e acaparat\u0103. La fel ca tot statul. \u00centoarcerea doamnei Kovesi din februarie nu e solu\u021bia\u201d VIDEO<\/a><\/p>","protected":false},"excerpt":{"rendered":"<p>George Simion sus\u021bine c\u0103 oamenii din partidul pe care \u00eel conduce vor continua s\u0103 spun\u0103&hellip;<\/p>\n","protected":false},"author":0,"featured_media":51635,"comment_status":"open","ping_status":"open","sticky":false,"template":"","format":"standard","meta":{"footnotes":""},"categories":[2],"tags":[],"class_list":["post-51640","post","type-post","status-publish","format-standard","has-post-thumbnail","hentry","category-actual"],"_links":{"self":[{"href":"https:\/\/247stiri.ro\/index.php\/wp-json\/wp\/v2\/posts\/51640","targetHints":{"allow":["GET"]}}],"collection":[{"href":"https:\/\/247stiri.ro\/index.php\/wp-json\/wp\/v2\/posts"}],"about":[{"href":"https:\/\/247stiri.ro\/index.php\/wp-json\/wp\/v2\/types\/post"}],"replies":[{"embeddable":true,"href":"https:\/\/247stiri.ro\/index.php\/wp-json\/wp\/v2\/comments?post=51640"}],"version-history":[{"count":0,"href":"https:\/\/247stiri.ro\/index.php\/wp-json\/wp\/v2\/posts\/51640\/revisions"}],"wp:featuredmedia":[{"embeddable":true,"href":"https:\/\/247stiri.ro\/index.php\/wp-json\/wp\/v2\/media\/51635"}],"wp:attachment":[{"href":"https:\/\/247stiri.ro\/index.php\/wp-json\/wp\/v2\/media?parent=51640"}],"wp:term":[{"taxonomy":"category","embeddable":true,"href":"https:\/\/247stiri.ro\/index.php\/wp-json\/wp\/v2\/categories?post=51640"},{"taxonomy":"post_tag","embeddable":true,"href":"https:\/\/247stiri.ro\/index.php\/wp-json\/wp\/v2\/tags?post=51640"}],"curies":[{"name":"wp","href":"https:\/\/api.w.org\/{rel}","templated":true}]}}