{"id":51648,"date":"2025-12-13T19:45:27","date_gmt":"2025-12-13T19:45:27","guid":{"rendered":"https:\/\/247stiri.ro\/index.php\/2025\/12\/13\/incident-la-mitingul-din-piata-victoriei-ce-a-patit-o-protestatara-care-a-venit-cu-drapelul-romaniei-si-a-pus-muzica-patriotica-video\/"},"modified":"2025-12-13T19:45:27","modified_gmt":"2025-12-13T19:45:27","slug":"incident-la-mitingul-din-piata-victoriei-ce-a-patit-o-protestatara-care-a-venit-cu-drapelul-romaniei-si-a-pus-muzica-patriotica-video","status":"publish","type":"post","link":"https:\/\/247stiri.ro\/index.php\/2025\/12\/13\/incident-la-mitingul-din-piata-victoriei-ce-a-patit-o-protestatara-care-a-venit-cu-drapelul-romaniei-si-a-pus-muzica-patriotica-video\/","title":{"rendered":"Incident la mitingul din Pia\u021ba Victoriei. Ce a p\u0103\u021bit o protestatar\u0103 care a venit cu drapelul Rom\u00e2niei \u0219i a pus muzic\u0103 patriotic\u0103 &#8211; Video"},"content":{"rendered":"<p>\u00cen momentul \u00een care protestatara a traversat strada pentru a intra \u00een mul\u021bime, jandarmii au urm\u0103rit-o \u0219i i-au interzis s\u0103 participe. \u00cen ciuda insisten\u021belor, oamenii legii nu au permis accesul acesteia printre ceilal\u021bi manifestan\u021bi. \u201eDe unde \u0219ti\u021bi c\u0103 nu sunt cu rom\u00e2nii de aici?\u201d a \u00eentrebat femeia. \u201eEu am steagul Rom\u00e2niei, sunt cu voi\u201d, a ad\u0103ugat ea, \u00een timp ce echipele de dialog ale jandarmeriei au r\u0103mas ferme \u00een decizia lor.<\/p>\n<p>Muzic\u0103 patriotic\u0103 pe trotuar<\/p>\n<p>\u00censo\u021bit\u0103 de un alt protestatar, femeia a continuat s\u0103 \u00ee\u0219i exprime mesajul pe trotuarul din apropiere. Cei doi au pornit boxele \u0219i au difuzat c\u00e2ntece patriotice, flutur\u00e2nd drapelul Rom\u00e2niei.<\/p>\n<p><a title=\"@luisbraturo\" href=\"https:\/\/www.tiktok.com\/@luisbraturo?refer=embed\" target=\"_blank\">@luisbraturo<\/a> Azi, 12-12-2025. <a title=\"luisbratu\" href=\"https:\/\/www.tiktok.com\/tag\/luisbratu?refer=embed\" target=\"_blank\">#luisbratu<\/a> <a title=\"rom\u00e2nianuarepre\u021b\" href=\"https:\/\/www.tiktok.com\/tag\/rom%C3%A2nianuarepre%C8%9B?refer=embed\" target=\"_blank\">#rom\u00e2nianuarepre\u021b<\/a> <a title=\"suntem\u00eenlegitim\u0103ap\u0103rare\" href=\"https:\/\/www.tiktok.com\/tag\/suntem%C3%AEnlegitim%C4%83ap%C4%83rare?refer=embed\" target=\"_blank\">#suntem\u00eenlegitim\u0103ap\u0103rare<\/a> <a title=\"selfdefense\" href=\"https:\/\/www.tiktok.com\/tag\/selfdefense?refer=embed\" target=\"_blank\">#selfdefense<\/a> <a title=\"video_viral\" href=\"https:\/\/www.tiktok.com\/tag\/video_viral?refer=embed\" target=\"_blank\">#video_viral<\/a> <a title=\"fyp\u30b7\u309aviral\u30b7fyp\u30b7\u309aviral\u30b7al\u30b7\" href=\"https:\/\/www.tiktok.com\/tag\/fyp%E3%82%B7%E3%82%9Aviral%E3%82%B7fyp%E3%82%B7%E3%82%9Aviral%E3%82%B7al%E3%82%B7?refer=embed\" target=\"_blank\">#fyp\u30b7\u309aviral\u30b7fyp\u30b7\u309aviral\u30b7al\u30b7<\/a> <a title=\"fyp\" href=\"https:\/\/www.tiktok.com\/tag\/fyp?refer=embed\" target=\"_blank\">#fyp<\/a> <a title=\"fyppp\" href=\"https:\/\/www.tiktok.com\/tag\/fyppp?refer=embed\" target=\"_blank\">#fyppp<\/a> <a title=\"fouryou\" href=\"https:\/\/www.tiktok.com\/tag\/fouryou?refer=embed\" target=\"_blank\">#fouryou<\/a> <a title=\"\u266c sunet original  - Legitim\u0103 Ap\u0103rare (Luis Bra\" href=\"https:\/\/www.tiktok.com\/music\/sunet-original-Legitim%C4%83-Ap%C4%83rare-Luis-Bra-7583110284546525974?refer=embed\" target=\"_blank\">\u266c sunet original &#8211; Legitim\u0103 Ap\u0103rare (Luis Bra<\/a>Interven\u021bia organizatorului<\/p>\n<p>Dup\u0103 c\u00e2teva melodii, Marian R\u0103dun\u0103, organizatorul protestului, a venit la fa\u021ba locului. Acesta a discutat at\u00e2t cu jandarmii, c\u00e2t \u0219i cu cei doi protestatari. \u00cen urma dialogului, muzica a fost oprit\u0103, iar boxa a fost \u00eenchis\u0103.<\/p>\n<p><a title='Rezistii fac cheta pentru protestele \"spontane\" pe scandalul din Justitie. Cum se foloseste USR de nemultumirile oamenilor ' href=\"https:\/\/www.realitatea.net\/stiri\/politica\/rezistii-fac-cheta-pentru-protestele-spontane-pe-scandalul-din-justitie-cum-se-foloseste-usr-de-nemultumirile-oamenilor_693d6ae98bc6057cbe59fbb3\">Rezi\u0219tii fac chet\u0103 pentru protestele &#8222;spontane&#8221; pe scandalul din Justi\u021bie. Cum se folose\u0219te USR de nemul\u021bumirile oamenilor<\/a><\/p>","protected":false},"excerpt":{"rendered":"<p>\u00cen momentul \u00een care protestatara a traversat strada pentru a intra \u00een mul\u021bime, jandarmii au&hellip;<\/p>\n","protected":false},"author":0,"featured_media":51649,"comment_status":"open","ping_status":"open","sticky":false,"template":"","format":"standard","meta":{"footnotes":""},"categories":[2],"tags":[],"class_list":["post-51648","post","type-post","status-publish","format-standard","has-post-thumbnail","hentry","category-actual"],"_links":{"self":[{"href":"https:\/\/247stiri.ro\/index.php\/wp-json\/wp\/v2\/posts\/51648","targetHints":{"allow":["GET"]}}],"collection":[{"href":"https:\/\/247stiri.ro\/index.php\/wp-json\/wp\/v2\/posts"}],"about":[{"href":"https:\/\/247stiri.ro\/index.php\/wp-json\/wp\/v2\/types\/post"}],"replies":[{"embeddable":true,"href":"https:\/\/247stiri.ro\/index.php\/wp-json\/wp\/v2\/comments?post=51648"}],"version-history":[{"count":0,"href":"https:\/\/247stiri.ro\/index.php\/wp-json\/wp\/v2\/posts\/51648\/revisions"}],"wp:featuredmedia":[{"embeddable":true,"href":"https:\/\/247stiri.ro\/index.php\/wp-json\/wp\/v2\/media\/51649"}],"wp:attachment":[{"href":"https:\/\/247stiri.ro\/index.php\/wp-json\/wp\/v2\/media?parent=51648"}],"wp:term":[{"taxonomy":"category","embeddable":true,"href":"https:\/\/247stiri.ro\/index.php\/wp-json\/wp\/v2\/categories?post=51648"},{"taxonomy":"post_tag","embeddable":true,"href":"https:\/\/247stiri.ro\/index.php\/wp-json\/wp\/v2\/tags?post=51648"}],"curies":[{"name":"wp","href":"https:\/\/api.w.org\/{rel}","templated":true}]}}